{"id":1030,"date":"2013-06-19T12:30:13","date_gmt":"2013-06-19T10:30:13","guid":{"rendered":"https:\/\/www.hondadreams.es\/?p=1030"},"modified":"2016-09-07T12:14:40","modified_gmt":"2016-09-07T10:14:40","slug":"fcx-clarity-hace-un-ano-en-barcelona","status":"publish","type":"post","link":"https:\/\/www.honda.es\/hondadreams\/2013\/06\/19\/fcx-clarity-hace-un-ano-en-barcelona\/","title":{"rendered":"Honda FCX Clarity, el placer de conducir y emitir vapor de agua"},"content":{"rendered":"<p>El mes de junio es un mes de celebraciones en Honda Espa\u00f1a. Hace justo dos a\u00f1os que hicimos realidad un sue\u00f1o: traer a Espa\u00f1a el FCX Clarity, el coche el\u00e9ctrico de pila de combustible de Honda. En <a href=\"http:\/\/youtu.be\/6Ne578RF0P8\" target=\"_blank\">junio de 2011 lo presentamos en Madrid<\/a> y un a\u00f1o despu\u00e9s, el 19 de junio de 2012, lo hicimos <a href=\"http:\/\/youtu.be\/A35I1UrukyI\">en Barcelona<\/a>.<\/p>\n<div id=\"attachment_1285\" style=\"width: 610px\" class=\"wp-caption aligncenter\"><img loading=\"lazy\" decoding=\"async\" aria-describedby=\"caption-attachment-1285\" class=\"size-medium wp-image-1285\" src=\"https:\/\/www.honda.es\/hondadreams\/wp-content\/uploads\/Honda_FCX_Clarity_Ajuntament_Barcelona_I_baixa-res-600x399.jpg\" alt=\"Honda FCX Clarity en el Ayuntamiento de Barcelona \" width=\"600\" height=\"399\" \/><p id=\"caption-attachment-1285\" class=\"wp-caption-text\">El Honda FCX Clarity en el Ayuntamiento de Barcelona. Xavier Trias, alcalde de Barcelona, condujo por las calles de la ciudad acompa\u00f1ado del presidente de Honda Motor Europe Espa\u00f1a, Marc Serruya.<\/p><\/div>\n<p>El FCX Clarity es el m\u00e1ximo exponente del liderazgo tecnol\u00f3gico de Honda y uno de esos productos que nos hacen sentirnos orgullosos de la Compa\u00f1\u00eda. Es el veh\u00edculo el\u00e9ctrico de pila de combustible m\u00e1s avanzado del mundo y el \u00fanico comercializado, un claro ejemplo de la viabilidad de esta tecnolog\u00eda de cero emisiones basada en el hidr\u00f3geno como vector energ\u00e9tico.<\/p>\n<p>Consciente que el transporte es uno de los sectores clave para abordar el problema de la calidad del aire, Honda lleva <a href=\"http:\/\/csr.honda.com\/environment\/honda-timeline\/\">m\u00e1s de 40 a\u00f1os<\/a> desarrollando soluciones para combatir la contaminaci\u00f3n. Nuestra apuesta por el desarrollo de tecnolog\u00edas basadas en el hidr\u00f3geno, representada por el FCX Clarity, re\u00fane las tres \u00e1reas clave de la estrategia de Honda como compa\u00f1\u00eda: la econ\u00f3mica, la social y la medioambiental.<\/p>\n<p>\u00bfEn qu\u00e9 se diferencia de un veh\u00edculo el\u00e9ctrico enchufable? La diferencia es que un veh\u00edculo de pila de combustible de hidr\u00f3geno como el FCX Clarity recarga sus bater\u00edas con la electricidad que genera el propio veh\u00edculo. A partir del hidr\u00f3geno almacenado en su dep\u00f3sito y a trav\u00e9s de una pila de combustible. En la pila de combustible, el hidr\u00f3geno reacciona con el ox\u00edgeno del aire y genera la electricidad que impulsa el veh\u00edculo. El resultado de combinar hidr\u00f3geno y ox\u00edgeno, que es lo que expulsa el tubo de escape, es f\u00e1cil de predecir: H<sub>2<\/sub>O, o sea, agua. Cuando el dep\u00f3sito de hidr\u00f3geno se vac\u00eda, se vuelve a llenar en un surtidor, como hacemos ahora con la gasolina.<\/p>\n<p>Ver el FCX Clarity circular por las calles de Madrid y Barcelona, emitiendo nada m\u00e1s que vapor de agua por el tubo de escape, fue un placer que se ha quedado grabado en la mente de todos los t\u00e9cnicos y expertos que asistieron a estas presentaciones. Pero el reto va m\u00e1s all\u00e1: queremos dar a conocer esta tecnolog\u00eda a toda la sociedad y que el mensaje llegue lejos.<\/p>\n<p>Por eso Honda trabaja, junto con otras empresas de la automoci\u00f3n y otros sectores afines, para impulsar en Europa la movilidad el\u00e9ctrica basada en el hidr\u00f3geno, que se prev\u00e9 que comenzar\u00e1 a dar frutos en 2015. Y si el tema os interesa y ten\u00e9is tiempo en oto\u00f1o, \u00a1estad atentos al pr\u00f3ximo mes de noviembre! Barcelona acoger\u00e1 la 27\u00aa edici\u00f3n de la m\u00e1s prestigiosa cita internacional dedicada al veh\u00edculo el\u00e9ctrico, el <a href=\"http:\/\/www.evs27.org\/ca\/evs27-in-barcelona\">Electric Vehicle Symposium<\/a>, coincidiendo con la <a href=\"http:\/\/www.smartcityexpo.com\/home\">Smart City Expo<\/a>, dedicada en esta edici\u00f3n a la movilidad sostenible.<\/p>\n<div id=\"attachment_1287\" style=\"width: 610px\" class=\"wp-caption aligncenter\"><img loading=\"lazy\" decoding=\"async\" aria-describedby=\"caption-attachment-1287\" class=\"size-medium wp-image-1287\" src=\"https:\/\/www.honda.es\/hondadreams\/wp-content\/uploads\/Honda_FCX_Clarity_Ajuntament_Barcelona_II_baixa-res-600x400.jpg\" alt=\"Marc Serruya, presidente de Honda Motor Europe Espa\u00f1a, con el alcalde de Barcelona, Xavier Trias, y el director general de Carburos Met\u00e1licos, Francesco Maione, durante la presentaci\u00f3n del Honda FCX Clarity en Barcelona\" width=\"600\" height=\"400\" \/><p id=\"caption-attachment-1287\" class=\"wp-caption-text\">Marc Serruya, presidente de Honda Motor Europe Espa\u00f1a, junto con el alcalde de Barcelona, Xavier Trias, y el director general de Carburos Met\u00e1licos, Francesco Maione, durante la presentaci\u00f3n del Honda FCX Clarity en Barcelona<\/p><\/div>\n","protected":false},"excerpt":{"rendered":"<p>El mes de junio es un mes de celebraciones en Honda Espa\u00f1a. Hace justo dos&#8230;<\/p>\n","protected":false},"author":3,"featured_media":1289,"comment_status":"open","ping_status":"open","sticky":false,"template":"","format":"video","meta":{"_acf_changed":false,"footnotes":""},"categories":[3,9,4],"class_list":["post-1030","post","type-post","status-publish","format-video","has-post-thumbnail","hentry","category-innovacion","category-mundo-honda","category-sostenibilidad","post_format-post-format-video"],"acf":[],"_links":{"self":[{"href":"https:\/\/www.honda.es\/hondadreams\/wp-json\/wp\/v2\/posts\/1030","targetHints":{"allow":["GET"]}}],"collection":[{"href":"https:\/\/www.honda.es\/hondadreams\/wp-json\/wp\/v2\/posts"}],"about":[{"href":"https:\/\/www.honda.es\/hondadreams\/wp-json\/wp\/v2\/types\/post"}],"author":[{"embeddable":true,"href":"https:\/\/www.honda.es\/hondadreams\/wp-json\/wp\/v2\/users\/3"}],"replies":[{"embeddable":true,"href":"https:\/\/www.honda.es\/hondadreams\/wp-json\/wp\/v2\/comments?post=1030"}],"version-history":[{"count":13,"href":"https:\/\/www.honda.es\/hondadreams\/wp-json\/wp\/v2\/posts\/1030\/revisions"}],"predecessor-version":[{"id":6079,"href":"https:\/\/www.honda.es\/hondadreams\/wp-json\/wp\/v2\/posts\/1030\/revisions\/6079"}],"wp:featuredmedia":[{"embeddable":true,"href":"https:\/\/www.honda.es\/hondadreams\/wp-json\/wp\/v2\/media\/1289"}],"wp:attachment":[{"href":"https:\/\/www.honda.es\/hondadreams\/wp-json\/wp\/v2\/media?parent=1030"}],"wp:term":[{"taxonomy":"category","embeddable":true,"href":"https:\/\/www.honda.es\/hondadreams\/wp-json\/wp\/v2\/categories?post=1030"}],"curies":[{"name":"wp","href":"https:\/\/api.w.org\/{rel}","templated":true}]}}