{"id":1202,"date":"2013-06-12T14:06:18","date_gmt":"2013-06-12T12:06:18","guid":{"rendered":"https:\/\/www.hondadreams.es\/?p=1202"},"modified":"2013-06-12T14:35:13","modified_gmt":"2013-06-12T12:35:13","slug":"honda-se-suma-a-la-celebracion-de-los-400-anos-de-relaciones-entre-espana-y-japon","status":"publish","type":"post","link":"https:\/\/www.honda.es\/hondadreams\/2013\/06\/12\/honda-se-suma-a-la-celebracion-de-los-400-anos-de-relaciones-entre-espana-y-japon\/","title":{"rendered":"Honda se suma a la celebraci\u00f3n de los 400 a\u00f1os de relaciones entre Espa\u00f1a y Jap\u00f3n"},"content":{"rendered":"<p>Honda ha participado como patrocinador en el <b>acto de inicio de las celebraciones<\/b> que a lo largo de este a\u00f1o y el pr\u00f3ximo 2014 conmemorar\u00e1n los <a href=\"http:\/\/www.esja400.com\/index.shtml\" target=\"_blank\"><b>400 a\u00f1os de relaciones entre Espa\u00f1a y Jap\u00f3n<\/b><\/a>. Con motivo de la inauguraci\u00f3n de la exposici\u00f3n itinerante <b>\u00ab<b>Sin perder contra la lluvia\u00bb<\/b><\/b>, celebrada ayer tarde en Madrid en el centro Conde Duque, el Presidente de Honda Motor Europe Espa\u00f1a, Marc Serruya, tom\u00f3 parte del saludo protocolario a los Pr\u00edncipes de Asturias y al Pr\u00edncipe Heredero de Jap\u00f3n, que realizaron la visita inaugural de la exposici\u00f3n.<\/p>\n<p>La inauguraci\u00f3n de ayer es el<a href=\"http:\/\/www.casaasia.es\/noticia\/detalle?id=211116\" target=\"_blank\"> acto de inicio de un calendario<\/a> con el que los gobiernos de Espa\u00f1a y Jap\u00f3n quieren conmemorar los 400 a\u00f1os de relaciones entre ambos pa\u00edses, coincidiendo con el IV Centenario del env\u00edo de la Embajada Keicho a Espa\u00f1a, la primera delegaci\u00f3n\u00a0 diplom\u00e1tica de car\u00e1cter oficial enviada por Jap\u00f3n a nuestro pa\u00eds. A lo largo de este a\u00f1o y el pr\u00f3ximo 2014 est\u00e1n previstas una amplia variedad de actividades con el fin de impulsar el entendimiento mutuo entre Jap\u00f3n y Espa\u00f1a e impulsar las relaciones bilaterales hispano-japonesas.<\/p>\n<p><a href=\"http:\/\/www.esja400.com\/calendar\/detalle\/201306\/20130601MadridGenki.html\" target=\"_blank\">\u00abSin perder contra la lluvia\u00bb<\/a>\u00a0es una exposici\u00f3n itinerante que muestra una visi\u00f3n de la reconstrucci\u00f3n de Jap\u00f3n tras el tsunami que afect\u00f3 el pa\u00eds en marzo de 2011, visi\u00f3n que refleja el car\u00e1cter del pueblo japon\u00e9s, su cultura y una imagen real y pr\u00f3xima del esfuerzo humano que todo un pueblo realiz\u00f3 para recuperar la normalidad de sus vidas diarias. La exposici\u00f3n, que ha contado con Honda como patrocinadora, inici\u00f3 su itinerario en el Ayuntamiento de Par\u00eds en junio de 2012, recorriendo distintas ciudades europeas, como Bruselas y Lyon, antes de aterrizar en Espa\u00f1a. Desde este mes de junio todo aquel interesado podr\u00e1 visitarla en Madrid y m\u00e1s adelante en Valladolid, Zaragoza, Oviedo y Barcelona.<\/p>\n<div id=\"attachment_1213\" style=\"width: 610px\" class=\"wp-caption aligncenter\"><a href=\"Inaugu\"><img loading=\"lazy\" decoding=\"async\" aria-describedby=\"caption-attachment-1213\" class=\"size-medium wp-image-1213\" alt=\"Visita inaugural a la exposicion &quot;Sin perder contra la lluvia&quot; de los Pr\u00edncipes de Asturias y el Pr\u00edncipe Heredero de Jap\u00f3n\" src=\"https:\/\/www.honda.es\/hondadreams\/wp-content\/uploads\/20130611_exposicion2-600x367.jpg\" width=\"600\" height=\"367\" \/><\/a><p id=\"caption-attachment-1213\" class=\"wp-caption-text\">Visita inaugural a la exposicion \u00abSin perder contra la lluvia\u00bb de los Pr\u00edncipes de Asturias y el Pr\u00edncipe Heredero de Jap\u00f3n<\/p><\/div>\n","protected":false},"excerpt":{"rendered":"<p>Honda ha participado como patrocinador en el acto de inicio de las celebraciones que a&#8230;<\/p>\n","protected":false},"author":3,"featured_media":1205,"comment_status":"open","ping_status":"open","sticky":false,"template":"","format":"video","meta":{"_acf_changed":false,"footnotes":""},"categories":[9],"class_list":["post-1202","post","type-post","status-publish","format-video","has-post-thumbnail","hentry","category-mundo-honda","post_format-post-format-video"],"acf":[],"_links":{"self":[{"href":"https:\/\/www.honda.es\/hondadreams\/wp-json\/wp\/v2\/posts\/1202","targetHints":{"allow":["GET"]}}],"collection":[{"href":"https:\/\/www.honda.es\/hondadreams\/wp-json\/wp\/v2\/posts"}],"about":[{"href":"https:\/\/www.honda.es\/hondadreams\/wp-json\/wp\/v2\/types\/post"}],"author":[{"embeddable":true,"href":"https:\/\/www.honda.es\/hondadreams\/wp-json\/wp\/v2\/users\/3"}],"replies":[{"embeddable":true,"href":"https:\/\/www.honda.es\/hondadreams\/wp-json\/wp\/v2\/comments?post=1202"}],"version-history":[{"count":9,"href":"https:\/\/www.honda.es\/hondadreams\/wp-json\/wp\/v2\/posts\/1202\/revisions"}],"predecessor-version":[{"id":1216,"href":"https:\/\/www.honda.es\/hondadreams\/wp-json\/wp\/v2\/posts\/1202\/revisions\/1216"}],"wp:featuredmedia":[{"embeddable":true,"href":"https:\/\/www.honda.es\/hondadreams\/wp-json\/wp\/v2\/media\/1205"}],"wp:attachment":[{"href":"https:\/\/www.honda.es\/hondadreams\/wp-json\/wp\/v2\/media?parent=1202"}],"wp:term":[{"taxonomy":"category","embeddable":true,"href":"https:\/\/www.honda.es\/hondadreams\/wp-json\/wp\/v2\/categories?post=1202"}],"curies":[{"name":"wp","href":"https:\/\/api.w.org\/{rel}","templated":true}]}}