{"id":13754,"date":"2024-09-26T17:28:37","date_gmt":"2024-09-26T15:28:37","guid":{"rendered":"https:\/\/www.honda.es\/hondadreams\/?p=13754"},"modified":"2024-09-26T17:28:37","modified_gmt":"2024-09-26T15:28:37","slug":"honda-y-nissan-se-alian-para-desarrollar-vehiculos-inteligentes-y-electricos","status":"publish","type":"post","link":"https:\/\/www.honda.es\/hondadreams\/2024\/09\/26\/honda-y-nissan-se-alian-para-desarrollar-vehiculos-inteligentes-y-electricos\/","title":{"rendered":"Honda y Nissan se al\u00edan para desarrollar veh\u00edculos inteligentes y el\u00e9ctricos"},"content":{"rendered":"","protected":false},"excerpt":{"rendered":"","protected":false},"author":3,"featured_media":13755,"comment_status":"open","ping_status":"open","sticky":false,"template":"","format":"standard","meta":{"_acf_changed":false,"footnotes":""},"categories":[11],"class_list":["post-13754","post","type-post","status-publish","format-standard","has-post-thumbnail","hentry","category-novedades"],"acf":[],"_links":{"self":[{"href":"https:\/\/www.honda.es\/hondadreams\/wp-json\/wp\/v2\/posts\/13754","targetHints":{"allow":["GET"]}}],"collection":[{"href":"https:\/\/www.honda.es\/hondadreams\/wp-json\/wp\/v2\/posts"}],"about":[{"href":"https:\/\/www.honda.es\/hondadreams\/wp-json\/wp\/v2\/types\/post"}],"author":[{"embeddable":true,"href":"https:\/\/www.honda.es\/hondadreams\/wp-json\/wp\/v2\/users\/3"}],"replies":[{"embeddable":true,"href":"https:\/\/www.honda.es\/hondadreams\/wp-json\/wp\/v2\/comments?post=13754"}],"version-history":[{"count":1,"href":"https:\/\/www.honda.es\/hondadreams\/wp-json\/wp\/v2\/posts\/13754\/revisions"}],"predecessor-version":[{"id":13760,"href":"https:\/\/www.honda.es\/hondadreams\/wp-json\/wp\/v2\/posts\/13754\/revisions\/13760"}],"wp:featuredmedia":[{"embeddable":true,"href":"https:\/\/www.honda.es\/hondadreams\/wp-json\/wp\/v2\/media\/13755"}],"wp:attachment":[{"href":"https:\/\/www.honda.es\/hondadreams\/wp-json\/wp\/v2\/media?parent=13754"}],"wp:term":[{"taxonomy":"category","embeddable":true,"href":"https:\/\/www.honda.es\/hondadreams\/wp-json\/wp\/v2\/categories?post=13754"}],"curies":[{"name":"wp","href":"https:\/\/api.w.org\/{rel}","templated":true}]}}