{"id":1401,"date":"2013-07-01T17:30:13","date_gmt":"2013-07-01T15:30:13","guid":{"rendered":"https:\/\/www.hondadreams.es\/?p=1401"},"modified":"2013-07-01T17:30:13","modified_gmt":"2013-07-01T15:30:13","slug":"wtcc-de-porto-pequena-recompensa-para-un-duro-trabajo","status":"publish","type":"post","link":"https:\/\/www.honda.es\/hondadreams\/2013\/07\/01\/wtcc-de-porto-pequena-recompensa-para-un-duro-trabajo\/","title":{"rendered":"WTCC de Porto, peque\u00f1a recompensa para un duro trabajo"},"content":{"rendered":"<div id=\"attachment_1402\" style=\"width: 610px\" class=\"wp-caption aligncenter\"><img loading=\"lazy\" decoding=\"async\" aria-describedby=\"caption-attachment-1402\" class=\"size-medium wp-image-1402\" alt=\"Segunda carrera del WTCC en Porto \" src=\"https:\/\/www.honda.es\/hondadreams\/wp-content\/uploads\/19592_Small_Rewards_For_Hardworking_Hondas_in_Porto_WTCC-600x399.jpg\" width=\"600\" height=\"399\" \/><p id=\"caption-attachment-1402\" class=\"wp-caption-text\">Segunda carrera del WTCC en Porto<\/p><\/div>\n<p>La de Porto no ha sido la carrera del Campeonato Mundial de Turismos (<a href=\"http:\/\/www.fiawtcc.com\/\" target=\"_blank\">WTCC)<\/a> que el equipo Castrol Honda esperaba pero s\u00ed un paso adelante para poner a prueba los coches y ultimarlos en vistas a su pr\u00f3ximo embarque rumbo a Argentina.<\/p>\n<p>Saliendo en la 14\u00aa posici\u00f3n de parrilla, Tiago Monteiro no pudo avanzar m\u00e1s all\u00e1 de la 11\u00aa posici\u00f3n en una segunda carrera que result\u00f3 una prueba fatigante ante el ritmo constante de un tren de siete veh\u00edculos. Con todo, el portugu\u00e9s quiso agradecer la presencia de todos los incondicionales que estuvieron dando apoyo en el circuito. Mientras tanto, Gabriele Tarquini, obligado a salir al final de la parrilla, opt\u00f3 por usar los kil\u00f3metros de la carrera como una sesi\u00f3n en las que poner a prueba el Civic WTCC, intensificando la velocidad para comprobar c\u00f3mo respond\u00edan los cambios. \u00abMi vuelta m\u00e1s r\u00e1pida ha sido la s\u00e9ptima m\u00e1s r\u00e1pida de todos los pilotos en la carrera, de modo que contamos con este dato para el futuro\u00bb, afirm\u00f3 Tarquini.<\/p>\n<p>Qui\u00e9n no pudo mostrar excesivo optimismo con la carrera de este fin de semana fue Norbert Michelisz. Los da\u00f1os sufridos en el Civic Zengo Motorsport durante la primera carrera fueron mayores de lo esperado y ahora el equipo trabaja a contrarreloj para tener el coche listo esta semana y poder embarcar a Sud Am\u00e9rica.<\/p>\n<p>Resultado, un trabajo muy duro para el equipo Castrol Honda y una recompensa con sabor a poco que, pese a todo, ha servido para poner a prueba los coches y conocer hasta d\u00f3nde puede llegar el acelerador. Al otro del oc\u00e9ano Argentina espera la pr\u00f3xima carrera, Monteiro, Tarquini y Michelisz, una nueva oportunidad para escalar posiciones.<\/p>\n<div id=\"attachment_1403\" style=\"width: 409px\" class=\"wp-caption aligncenter\"><img loading=\"lazy\" decoding=\"async\" aria-describedby=\"caption-attachment-1403\" class=\"size-medium wp-image-1403\" alt=\"Equipo Castrol Honda al acabar la carrera de Porto\" src=\"https:\/\/www.honda.es\/hondadreams\/wp-content\/uploads\/19595_Small_Rewards_For_Hardworking_Hondas_in_Porto_WTCC-399x600.jpg\" width=\"399\" height=\"600\" \/><p id=\"caption-attachment-1403\" class=\"wp-caption-text\">Equipo Castrol Honda al acabar la carrera de Porto<\/p><\/div>\n","protected":false},"excerpt":{"rendered":"<p>La de Porto no ha sido la carrera del Campeonato Mundial de Turismos (WTCC) que&#8230;<\/p>\n","protected":false},"author":3,"featured_media":1405,"comment_status":"open","ping_status":"open","sticky":false,"template":"","format":"standard","meta":{"_acf_changed":false,"footnotes":""},"categories":[5],"class_list":["post-1401","post","type-post","status-publish","format-standard","has-post-thumbnail","hentry","category-competicion"],"acf":[],"_links":{"self":[{"href":"https:\/\/www.honda.es\/hondadreams\/wp-json\/wp\/v2\/posts\/1401","targetHints":{"allow":["GET"]}}],"collection":[{"href":"https:\/\/www.honda.es\/hondadreams\/wp-json\/wp\/v2\/posts"}],"about":[{"href":"https:\/\/www.honda.es\/hondadreams\/wp-json\/wp\/v2\/types\/post"}],"author":[{"embeddable":true,"href":"https:\/\/www.honda.es\/hondadreams\/wp-json\/wp\/v2\/users\/3"}],"replies":[{"embeddable":true,"href":"https:\/\/www.honda.es\/hondadreams\/wp-json\/wp\/v2\/comments?post=1401"}],"version-history":[{"count":11,"href":"https:\/\/www.honda.es\/hondadreams\/wp-json\/wp\/v2\/posts\/1401\/revisions"}],"predecessor-version":[{"id":1415,"href":"https:\/\/www.honda.es\/hondadreams\/wp-json\/wp\/v2\/posts\/1401\/revisions\/1415"}],"wp:featuredmedia":[{"embeddable":true,"href":"https:\/\/www.honda.es\/hondadreams\/wp-json\/wp\/v2\/media\/1405"}],"wp:attachment":[{"href":"https:\/\/www.honda.es\/hondadreams\/wp-json\/wp\/v2\/media?parent=1401"}],"wp:term":[{"taxonomy":"category","embeddable":true,"href":"https:\/\/www.honda.es\/hondadreams\/wp-json\/wp\/v2\/categories?post=1401"}],"curies":[{"name":"wp","href":"https:\/\/api.w.org\/{rel}","templated":true}]}}