{"id":1462,"date":"2013-07-05T13:36:41","date_gmt":"2013-07-05T11:36:41","guid":{"rendered":"https:\/\/www.hondadreams.es\/?p=1462"},"modified":"2017-12-11T20:57:22","modified_gmt":"2017-12-11T18:57:22","slug":"myjourney-o-como-compartir-la-experiencia-de-un-viaje-con-honda","status":"publish","type":"post","link":"https:\/\/www.honda.es\/hondadreams\/2013\/07\/05\/myjourney-o-como-compartir-la-experiencia-de-un-viaje-con-honda\/","title":{"rendered":"#MyJourney o c\u00f3mo compartir la experiencia de un viaje con Honda"},"content":{"rendered":"<p>El placer de conducir y el de viajar van \u00edntimamente ligados. El deseo de muchos de mostrar las experiencias de viaje han convertido a las fotograf\u00edas de viajes en uno de los motivos m\u00e1s compartidos en las diferentes redes sociales.<\/p>\n<p>Uno de estos viajeros es<a href=\"http:\/\/www.myjourneys.com\/jonsjourney\"> John Hancock<\/a>, que viaj\u00f3 con su mujer a bordo de un Civic de 1987 desde Bristol, en Reino Unido, hasta Suzuka, en Jap\u00f3n, para conocer el sitio d\u00f3nde se fabric\u00f3 su Honda Civic.<\/p>\n<p style=\"text-align: center;\"><a href=\"https:\/\/www.honda.es\/hondadreams\/wp-content\/uploads\/myjourney_Campaign1.jpg\"><img loading=\"lazy\" decoding=\"async\" class=\"alignnone size-medium wp-image-1464\" alt=\"#myjourney_Campaign(1)\" src=\"https:\/\/www.honda.es\/hondadreams\/wp-content\/uploads\/myjourney_Campaign1-600x399.jpg\" width=\"600\" height=\"399\" \/><\/a><\/p>\n<p>La historia de Hancock y la pasi\u00f3n de la gente por compartir fotos de viajes han inspirado a Honda el proyecto \u201cMy Journey\u201d, una plataforma para <a href=\"http:\/\/www.myjourneys.com\/gallery\">compartir la experiencia<\/a> de viaje para los que conducen o disfrutan de cualquiera de sus veh\u00edculos Honda, ya sean coches, motos y, por qu\u00e9 no, tambi\u00e9n power products. Estas experiencias se reflejan en la web <a href=\"http:\/\/www.myjourneys.com\">www.myjourneys.com<\/a> donde se exponen a toda la comunidad Honda, en un espacio en el que podemos tambi\u00e9n explorar los viajes de los dem\u00e1s.<\/p>\n<p>Este lanzamiento coincide en Espa\u00f1a con la puesta en marcha del nuevo perfil de Honda en Instagram, para compartir fotograf\u00edas y videos. Por ello, puedes participar con tu Honda en My Journey mediante el perfil de <a href=\"http:\/\/web.stagram.com\/n\/hondaes\/\">Instagram @HondaES<\/a>, utilizando el hashtag #myjourney, y mediante la opci\u00f3n compartir en Twitter. As\u00ed podr\u00e1s participar en esta acci\u00f3n global y ver\u00e1s reflejado tu viaje en <a href=\"http:\/\/www.myjourneys.com\">www.myjourneys.com<\/a>.<\/p>\n<p>Te deseamos un buen #myjourney\u2026<\/p>\n<p style=\"text-align: center;\"><a href=\"https:\/\/www.honda.es\/hondadreams\/wp-content\/uploads\/myjourney_Campaign2.jpg\"><img loading=\"lazy\" decoding=\"async\" class=\"alignnone size-medium wp-image-1465\" alt=\"#myjourney_Campaign(2)\" src=\"https:\/\/www.honda.es\/hondadreams\/wp-content\/uploads\/myjourney_Campaign2-450x600.jpg\" width=\"450\" height=\"600\" \/><\/a><\/p>\n","protected":false},"excerpt":{"rendered":"<p>El placer de conducir y el de viajar van \u00edntimamente ligados. El deseo de muchos&#8230;<\/p>\n","protected":false},"author":2,"featured_media":1463,"comment_status":"open","ping_status":"open","sticky":false,"template":"","format":"standard","meta":{"_acf_changed":false,"footnotes":""},"categories":[3,9,11],"class_list":["post-1462","post","type-post","status-publish","format-standard","has-post-thumbnail","hentry","category-innovacion","category-mundo-honda","category-novedades"],"acf":[],"_links":{"self":[{"href":"https:\/\/www.honda.es\/hondadreams\/wp-json\/wp\/v2\/posts\/1462","targetHints":{"allow":["GET"]}}],"collection":[{"href":"https:\/\/www.honda.es\/hondadreams\/wp-json\/wp\/v2\/posts"}],"about":[{"href":"https:\/\/www.honda.es\/hondadreams\/wp-json\/wp\/v2\/types\/post"}],"author":[{"embeddable":true,"href":"https:\/\/www.honda.es\/hondadreams\/wp-json\/wp\/v2\/users\/2"}],"replies":[{"embeddable":true,"href":"https:\/\/www.honda.es\/hondadreams\/wp-json\/wp\/v2\/comments?post=1462"}],"version-history":[{"count":9,"href":"https:\/\/www.honda.es\/hondadreams\/wp-json\/wp\/v2\/posts\/1462\/revisions"}],"predecessor-version":[{"id":1777,"href":"https:\/\/www.honda.es\/hondadreams\/wp-json\/wp\/v2\/posts\/1462\/revisions\/1777"}],"wp:featuredmedia":[{"embeddable":true,"href":"https:\/\/www.honda.es\/hondadreams\/wp-json\/wp\/v2\/media\/1463"}],"wp:attachment":[{"href":"https:\/\/www.honda.es\/hondadreams\/wp-json\/wp\/v2\/media?parent=1462"}],"wp:term":[{"taxonomy":"category","embeddable":true,"href":"https:\/\/www.honda.es\/hondadreams\/wp-json\/wp\/v2\/categories?post=1462"}],"curies":[{"name":"wp","href":"https:\/\/api.w.org\/{rel}","templated":true}]}}