{"id":14935,"date":"2026-01-19T11:24:44","date_gmt":"2026-01-19T10:24:44","guid":{"rendered":"https:\/\/www.honda.es\/hondadreams\/?p=14935"},"modified":"2026-01-19T11:24:44","modified_gmt":"2026-01-19T10:24:44","slug":"epica-hasta-el-ultimo-kilometro-el-dakar-mas-igualado-confirma-el-poder-de-honda","status":"publish","type":"post","link":"https:\/\/www.honda.es\/hondadreams\/2026\/01\/19\/epica-hasta-el-ultimo-kilometro-el-dakar-mas-igualado-confirma-el-poder-de-honda\/","title":{"rendered":"\u00c9pica hasta el \u00faltimo kil\u00f3metro: el Dakar m\u00e1s igualado confirma el poder de Honda"},"content":{"rendered":"","protected":false},"excerpt":{"rendered":"","protected":false},"author":3,"featured_media":13186,"comment_status":"open","ping_status":"open","sticky":false,"template":"","format":"standard","meta":{"_acf_changed":false,"footnotes":""},"categories":[5],"class_list":["post-14935","post","type-post","status-publish","format-standard","has-post-thumbnail","hentry","category-competicion"],"acf":[],"_links":{"self":[{"href":"https:\/\/www.honda.es\/hondadreams\/wp-json\/wp\/v2\/posts\/14935","targetHints":{"allow":["GET"]}}],"collection":[{"href":"https:\/\/www.honda.es\/hondadreams\/wp-json\/wp\/v2\/posts"}],"about":[{"href":"https:\/\/www.honda.es\/hondadreams\/wp-json\/wp\/v2\/types\/post"}],"author":[{"embeddable":true,"href":"https:\/\/www.honda.es\/hondadreams\/wp-json\/wp\/v2\/users\/3"}],"replies":[{"embeddable":true,"href":"https:\/\/www.honda.es\/hondadreams\/wp-json\/wp\/v2\/comments?post=14935"}],"version-history":[{"count":1,"href":"https:\/\/www.honda.es\/hondadreams\/wp-json\/wp\/v2\/posts\/14935\/revisions"}],"predecessor-version":[{"id":14942,"href":"https:\/\/www.honda.es\/hondadreams\/wp-json\/wp\/v2\/posts\/14935\/revisions\/14942"}],"wp:featuredmedia":[{"embeddable":true,"href":"https:\/\/www.honda.es\/hondadreams\/wp-json\/wp\/v2\/media\/13186"}],"wp:attachment":[{"href":"https:\/\/www.honda.es\/hondadreams\/wp-json\/wp\/v2\/media?parent=14935"}],"wp:term":[{"taxonomy":"category","embeddable":true,"href":"https:\/\/www.honda.es\/hondadreams\/wp-json\/wp\/v2\/categories?post=14935"}],"curies":[{"name":"wp","href":"https:\/\/api.w.org\/{rel}","templated":true}]}}