{"id":179,"date":"2013-01-08T17:20:51","date_gmt":"2013-01-08T17:20:51","guid":{"rendered":"http:\/\/honda.es.mialias.net\/?p=179"},"modified":"2017-12-11T20:57:59","modified_gmt":"2017-12-11T18:57:59","slug":"tu-proyecto-nuestro-proyecto","status":"publish","type":"post","link":"https:\/\/www.honda.es\/hondadreams\/2013\/01\/08\/tu-proyecto-nuestro-proyecto\/","title":{"rendered":"Tu Proyecto Nuestro Proyecto. Honda y la RSC"},"content":{"rendered":"<p>Jaime, Pol e Iv\u00e1n. Estos son algunos de los nombres \u00a0que ponen rostro al proyecto de la asociaci\u00f3n Sala Puigverd, ganadora de la iniciativa de Responsabilidad Social Corporativa convocada por Honda Autom\u00f3viles Espa\u00f1a bajo el nombre <i>Tu Proyecto, \u00a0Nuestro Proyecto<\/i>.<\/p>\n<p>La iniciativa, dirigida a clientes de Honda y lanzada el pasado a\u00f1o, logr\u00f3 cerrar una convocatoria de proyectos con un objetivo com\u00fan, el de mejorar la comunidad local o trabajar en \u00e1mbitos como la innovaci\u00f3n, el medio ambiente y la movilidad sostenible. El premio, una dotaci\u00f3n de hasta 25.000 euros para dar continuidad o poner en marcha al proyecto ganador. La filosof\u00eda, la de Honda, <i>El poder de los sue\u00f1os <\/i>y la posibilidad de que un reto, una apuesta o un sue\u00f1o se cumplan.<\/p>\n<p>Durante seis meses se recibieron hasta un total de 140 propuestas, inscritas a trav\u00e9s de una p\u00e1gina web desarrollada espec\u00edficamente para la ocasi\u00f3n y en la que los participantes describ\u00edan su proyecto y hac\u00edan difusi\u00f3n de \u00e9ste mediante las redes sociales. El objetivo, lograr el m\u00e1ximo de votos posible para estar entre los 10 finalistas.<\/p>\n<p>Cerrado el proceso de votaci\u00f3n abierto al p\u00fablico general, un jurado \u2013formado por Ariane Arpa, experta en cooperaci\u00f3n y relaciones internacionales y antigua directora general de Interm\u00f3n Oxfam, el periodista Josep Puigb\u00f3 y el profesor, investigador y escritor, Jorge Wagensberg, director cient\u00edfico de la Fundaci\u00f3n La Caixa, junto con el Presidente de Honda Motor Europe Espa\u00f1a, Marc Serruya, y su director comercial, Roger Solergibert\u2013 evalu\u00f3 las 10 propuestas finalistas y eligi\u00f3 al ganador.<\/p>\n<p>La asociaci\u00f3n Sala Puigverd, dedicada a la neurorehabilitaci\u00f3n pedi\u00e1trica, pone al servicio de ni\u00f1os, ni\u00f1as y familias la atenci\u00f3n y formaci\u00f3n necesarias para facilitar una inclusi\u00f3n social efectiva en el entorno de los peque\u00f1os y tambi\u00e9n el de sus familias. Esto es, para que los peque\u00f1os con necesidades especiales a nivel motriz de origen neurol\u00f3gico puedan ser lo m\u00e1s aut\u00f3nomos posible y vean mejorada su calidad de vida. El jurado quiso enfatizar adem\u00e1s, no s\u00f3lo la atenci\u00f3n a ni\u00f1os y familias, sino el trabajo pionero que realiza Sala Puigverd en la formaci\u00f3n de otros profesionales dentro del \u00e1mbito de la neurorehabilitaci\u00f3n, un proyecto \u00fanico en Espa\u00f1a.<\/p>\n<p>El pr\u00f3ximo mes de febrero tendr\u00e1 lugar la entrega simb\u00f3lica del premio, una dotaci\u00f3n econ\u00f3mica de hasta 25.000 euros, en un acto que contar\u00e1 con la presencia del alcalde de Castellar del Vall\u00e8s, Ignasi Gim\u00e9nez, la regidora de Servicios Sociales y Salud, Gl\u00f2ria Massagu\u00e9, y el Presidente de Honda Motor Europe Espa\u00f1a, Marc Serruya.<\/p>\n<div class=\"post-slider\">\n    <\/p>\n<p><img loading=\"lazy\" decoding=\"async\" class=\"alignnone size-medium wp-image-7124\" src=\"https:\/\/www.honda.es\/hondadreams\/wp-content\/uploads\/545-marc-marquez-gran-premio-de-malasia-motogp-600x400.jpg\" alt=\"545 - Marc M\u00e1rquez Gran Premio de Malasia MotoGP\" width=\"600\" height=\"400\" \/><\/p>\n<p><img loading=\"lazy\" decoding=\"async\" class=\"alignnone size-medium wp-image-7122\" src=\"https:\/\/www.honda.es\/hondadreams\/wp-content\/uploads\/545-wtcc-castrol-honda-norbert-michelisz-600x399.jpg\" alt=\"WTCC Castrol Honda Norbert Michelisz\" width=\"600\" height=\"399\" \/><\/p>\n<p><img loading=\"lazy\" decoding=\"async\" class=\"alignnone size-medium wp-image-7123\" src=\"https:\/\/www.honda.es\/hondadreams\/wp-content\/uploads\/545-fernando-alonso-stoffel-vandoorne-mclaren-honda-f1-600x400.jpg\" alt=\"Fernando Alonso Stoffel Vandoorne McLaren Honda F1\" width=\"600\" height=\"400\" \/><\/p>\n<p>\n  <\/div>\n","protected":false},"excerpt":{"rendered":"<p>Jaime, Pol e Iv\u00e1n. Estos son algunos de los nombres \u00a0que ponen rostro al proyecto&#8230;<\/p>\n","protected":false},"author":3,"featured_media":180,"comment_status":"open","ping_status":"open","sticky":false,"template":"","format":"standard","meta":{"_acf_changed":false,"footnotes":""},"categories":[9,11,10],"class_list":["post-179","post","type-post","status-publish","format-standard","has-post-thumbnail","hentry","category-mundo-honda","category-novedades","category-rsc"],"acf":[],"_links":{"self":[{"href":"https:\/\/www.honda.es\/hondadreams\/wp-json\/wp\/v2\/posts\/179","targetHints":{"allow":["GET"]}}],"collection":[{"href":"https:\/\/www.honda.es\/hondadreams\/wp-json\/wp\/v2\/posts"}],"about":[{"href":"https:\/\/www.honda.es\/hondadreams\/wp-json\/wp\/v2\/types\/post"}],"author":[{"embeddable":true,"href":"https:\/\/www.honda.es\/hondadreams\/wp-json\/wp\/v2\/users\/3"}],"replies":[{"embeddable":true,"href":"https:\/\/www.honda.es\/hondadreams\/wp-json\/wp\/v2\/comments?post=179"}],"version-history":[{"count":7,"href":"https:\/\/www.honda.es\/hondadreams\/wp-json\/wp\/v2\/posts\/179\/revisions"}],"predecessor-version":[{"id":7127,"href":"https:\/\/www.honda.es\/hondadreams\/wp-json\/wp\/v2\/posts\/179\/revisions\/7127"}],"wp:featuredmedia":[{"embeddable":true,"href":"https:\/\/www.honda.es\/hondadreams\/wp-json\/wp\/v2\/media\/180"}],"wp:attachment":[{"href":"https:\/\/www.honda.es\/hondadreams\/wp-json\/wp\/v2\/media?parent=179"}],"wp:term":[{"taxonomy":"category","embeddable":true,"href":"https:\/\/www.honda.es\/hondadreams\/wp-json\/wp\/v2\/categories?post=179"}],"curies":[{"name":"wp","href":"https:\/\/api.w.org\/{rel}","templated":true}]}}