{"id":2260,"date":"2013-10-28T14:07:50","date_gmt":"2013-10-28T12:07:50","guid":{"rendered":"https:\/\/www.hondadreams.es\/?p=2260"},"modified":"2016-09-07T12:05:27","modified_gmt":"2016-09-07T10:05:27","slug":"mitos-y-novedades-honda-calienta-motores-para-tokio-2013","status":"publish","type":"post","link":"https:\/\/www.honda.es\/hondadreams\/2013\/10\/28\/mitos-y-novedades-honda-calienta-motores-para-tokio-2013\/","title":{"rendered":"Mitos y novedades: Honda calienta motores para Tokio 2013"},"content":{"rendered":"<p>Honda ya ha anunciado los modelos y concepts que exhibir\u00e1 en la gran cita asi\u00e1tica del motor: la 43\u00aa edici\u00f3n del <a href=\"http:\/\/www.tokyo-motorshow.com\/en\/\" target=\"_blank\">Sal\u00f3n de Tokio<\/a>, a celebrar el pr\u00f3ximo noviembre. Honda aprovecha que juega en casa para lucirse y presentar las novedades en autom\u00f3viles, motocicletas, <i>power products<\/i>, rob\u00f3tica y dem\u00e1s que han acaparado los esfuerzos de la Compa\u00f1\u00eda en los \u00faltimos meses.<\/p>\n<p>\u00bfQuieres saber qu\u00e9 modelos y concepts ser\u00e1n protagonistas del stand de Honda en el Sal\u00f3n de Tokio 2013? Toma nota:<\/p>\n<p><strong>S660 Concept<\/strong>, un deportivo biplaza descapotable que, con un motor de 660 cc, entra dentro de categor\u00eda de los <a href=\"https:\/\/www.honda.es\/hondadreams\/2013\/08\/26\/los-minicoches-japoneses-siguen-su-imparable-ascenso\/\"><i>kei cars<\/i><\/a>. Con el S660 Concept, Honda revoluciona dos categor\u00edas a la vez, la de de los deportivos y la de los mini veh\u00edculos, de creciente popularidad en Jap\u00f3n. Que sea peque\u00f1o no impide que sea divertido de conducir, recuerdan los ingenieros.<\/p>\n<div id=\"attachment_2261\" style=\"width: 610px\" class=\"wp-caption aligncenter\"><img loading=\"lazy\" decoding=\"async\" aria-describedby=\"caption-attachment-2261\" class=\"size-medium wp-image-2261 \" src=\"https:\/\/www.honda.es\/hondadreams\/wp-content\/uploads\/22568_Tokyo_Motor_Show_2013-600x340.jpg\" alt=\"22568_Tokyo_Motor_Show_2013\" width=\"600\" height=\"340\" \/><p id=\"caption-attachment-2261\" class=\"wp-caption-text\">Honda S660 Concept<\/p><\/div>\n<p><strong>Urban SUV Concept<\/strong>. El Sal\u00f3n de Tokio ser\u00e1 el escenario del estreno mundial del modelo de producci\u00f3n de este SUV de peque\u00f1o tama\u00f1o y dise\u00f1o deportivo, que Honda present\u00f3 en el <a href=\"https:\/\/www.honda.es\/hondadreams\/2013\/01\/20\/salon-de-detroit-honda-nsx-urba-suv\/\">Sal\u00f3n de Detroit<\/a> a principios de a\u00f1o.<\/p>\n<p><strong><a href=\"https:\/\/www.honda.es\/hondadreams\/2013\/10\/03\/honda-nsx-concept-ii-el-mito-visto-desde-dentro\/\">NSX Concept<\/a><\/strong><b>,<\/b> la pr\u00f3xima generaci\u00f3n del ic\u00f3nico s\u00faper deportivo de Honda, se estrenar\u00e1 en Jap\u00f3n aprovechando la cita del sector. El modelo incorpora un nuevo sistema h\u00edbrido que combina un avanzado motor central de inyecci\u00f3n directa V-6 acoplado al sistema Sport Hybrid SH-AWD (Super Handling All Wheel Drive), que consta de tres motores el\u00e9ctricos y maximiza la eficiencia.<\/p>\n<p>Adem\u00e1s, Honda exhibir\u00e1 en Tokio la nueva serie del dispositivo de movilidad personal <a href=\"http:\/\/www.hondanews.eu\/en\/searchnewsresults\/?branch=1&amp;site=1&amp;model=&amp;bmodel=&amp;topic=&amp;mshow=\">UNI-CUB<\/a>, y el Honda MC-\u03b2, un mini veh\u00edculo el\u00e9ctrico para trayectos cortos que se expondr\u00e1 en el <a href=\"http:\/\/www.tokyo-motorshow.com\/en\/smc\/\">Smart Mobility City<\/a> y se pondr\u00e1 a prueba en Jap\u00f3n en colaboraci\u00f3n con gobiernos locales. Tambi\u00e9n podr\u00e1 verse el cuarto modelo de las <a href=\"https:\/\/www.honda.es\/hondadreams\/2013\/09\/25\/earth-dreams-technology-honda-y-sus-n-series\/\">N-Series<\/a> de Honda, el <a href=\"http:\/\/www.honda.co.jp\/N-WGN\/new\/\">N-WGN<\/a>, y otros modelos Honda de producci\u00f3n, incluidos los aclamados nuevo <a href=\"https:\/\/www.honda.es\/hondadreams\/2013\/01\/19\/accord-plug-in-hybrid-eficiencia-en-grado-maximo\/\">Accord H\u00edbrido enchufable<\/a> y la nueva serie <a href=\"https:\/\/www.honda.es\/hondadreams\/2013\/10\/11\/revisar-earth-dreams-technology-honda-jazz-ev-el-electrico-con-alma-deportiva\/\">Fit<\/a>, ambos con equipados tecnolog\u00eda <a href=\"http:\/\/world.honda.com\/news\/2011\/4111130Earth-Dreams-Technology\/\">Earth Dreams Technology<\/a>.<\/p>\n<div id=\"attachment_2263\" style=\"width: 433px\" class=\"wp-caption aligncenter\"><a href=\"on\"><img loading=\"lazy\" decoding=\"async\" aria-describedby=\"caption-attachment-2263\" class=\"size-medium wp-image-2263\" src=\"https:\/\/www.honda.es\/hondadreams\/wp-content\/uploads\/22569_Tokyo_Motor_Show_2013-600x445.jpg\" alt=\"Honda N-WGN\" width=\"423\" height=\"289\" \/><\/a><p id=\"caption-attachment-2263\" class=\"wp-caption-text\">Honda N-WGN<\/p><\/div>\n<p>Por \u00faltimo, y para no romper con la tradici\u00f3n, los que visiten el stand de Honda podr\u00e1n disfrutar tambi\u00e9n de algunos de los productos m\u00edticos de la Compa\u00f1\u00eda, como el <a href=\"http:\/\/world.honda.com\/SEEVERT\/racingcars\/01.html\">RA271<\/a>, el monoplaza de Honda que corri\u00f3 en el Campeonato Mundial en 1964 o el <a href=\"http:\/\/en.wikipedia.org\/wiki\/Honda_S360\">Sports 360<\/a>, el primer coche que Honda mostr\u00f3 al p\u00fablico en 1962.<\/p>\n<p>\u00a1Empieza la cuenta atr\u00e1s!<\/p>\n<div id=\"attachment_2268\" style=\"width: 610px\" class=\"wp-caption aligncenter\"><img loading=\"lazy\" decoding=\"async\" aria-describedby=\"caption-attachment-2268\" class=\"size-medium wp-image-2268\" src=\"https:\/\/www.honda.es\/hondadreams\/wp-content\/uploads\/22566_Tokyo_Motor_Show_20131-600x340.jpg\" alt=\"Honda S660 Concept\" width=\"600\" height=\"340\" \/><p id=\"caption-attachment-2268\" class=\"wp-caption-text\">Honda S660 Concept<\/p><\/div>\n","protected":false},"excerpt":{"rendered":"<p>Honda ya ha anunciado los modelos y concepts que exhibir\u00e1 en la gran cita asi\u00e1tica&#8230;<\/p>\n","protected":false},"author":3,"featured_media":2267,"comment_status":"open","ping_status":"open","sticky":false,"template":"","format":"standard","meta":{"_acf_changed":false,"footnotes":""},"categories":[3,9],"class_list":["post-2260","post","type-post","status-publish","format-standard","has-post-thumbnail","hentry","category-innovacion","category-mundo-honda"],"acf":[],"_links":{"self":[{"href":"https:\/\/www.honda.es\/hondadreams\/wp-json\/wp\/v2\/posts\/2260","targetHints":{"allow":["GET"]}}],"collection":[{"href":"https:\/\/www.honda.es\/hondadreams\/wp-json\/wp\/v2\/posts"}],"about":[{"href":"https:\/\/www.honda.es\/hondadreams\/wp-json\/wp\/v2\/types\/post"}],"author":[{"embeddable":true,"href":"https:\/\/www.honda.es\/hondadreams\/wp-json\/wp\/v2\/users\/3"}],"replies":[{"embeddable":true,"href":"https:\/\/www.honda.es\/hondadreams\/wp-json\/wp\/v2\/comments?post=2260"}],"version-history":[{"count":5,"href":"https:\/\/www.honda.es\/hondadreams\/wp-json\/wp\/v2\/posts\/2260\/revisions"}],"predecessor-version":[{"id":6061,"href":"https:\/\/www.honda.es\/hondadreams\/wp-json\/wp\/v2\/posts\/2260\/revisions\/6061"}],"wp:featuredmedia":[{"embeddable":true,"href":"https:\/\/www.honda.es\/hondadreams\/wp-json\/wp\/v2\/media\/2267"}],"wp:attachment":[{"href":"https:\/\/www.honda.es\/hondadreams\/wp-json\/wp\/v2\/media?parent=2260"}],"wp:term":[{"taxonomy":"category","embeddable":true,"href":"https:\/\/www.honda.es\/hondadreams\/wp-json\/wp\/v2\/categories?post=2260"}],"curies":[{"name":"wp","href":"https:\/\/api.w.org\/{rel}","templated":true}]}}