{"id":2544,"date":"2013-12-27T11:00:50","date_gmt":"2013-12-27T09:00:50","guid":{"rendered":"https:\/\/www.hondadreams.es\/?p=2544"},"modified":"2017-12-11T20:57:20","modified_gmt":"2017-12-11T18:57:20","slug":"think-outside-the-box","status":"publish","type":"post","link":"https:\/\/www.honda.es\/hondadreams\/2013\/12\/27\/think-outside-the-box\/","title":{"rendered":"Think Outside The Box"},"content":{"rendered":"<p>\u00c9sta es la invitaci\u00f3n con la que Honda recibi\u00f3 la <a href=\"https:\/\/www.honda.es\/hondadreams\/2013\/10\/28\/mitos-y-novedades-honda-calienta-motores-para-tokio-2013\/\" target=\"_blank\">43\u00aa edici\u00f3n del Sal\u00f3n de Tokio<\/a>, una met\u00e1fora convertida en filosof\u00eda, en un pensar m\u00e1s all\u00e1 de los l\u00edmites y de lo convencional que ha inspirado durante d\u00e9cadas a los ingenieros de Honda. Una inspiraci\u00f3n que de nuevo viene en forma de v\u00eddeo sugerente y creativo y que hoy queremos compartir con vosotros.<\/p>\n<p>Desde sus inicios Honda bas\u00f3 su existencia en la innovaci\u00f3n y las regulaciones en el sector del motor se convirtieron en retos para sus ingenieros, que siempre han perseguido dise\u00f1ar productos que van m\u00e1s all\u00e1 de estas normativas. <i>Think Outside The Box <\/i>invita a no perder este esp\u00edritu y de eso hablan los caracteres japoneses que aparecen en pantalla. <em>Podemos ser lo que queramos ser, podemos ir ad\u00f3nde queramos ir. Vive m\u00e1s all\u00e1 de los l\u00edmites<\/em> (o lo que en una traducci\u00f3n literal podr\u00eda ser \u00abfuera de la caja\u00bb).<\/p>\n<p>Cada nuevo producto surge de una idea, de una peque\u00f1a pieza que en este v\u00eddeo tiene forma de tuerca. Un discurrir de tuercas que acaban en genialidades como las recientemente presentadas por Honda en Tokio, entre \u00e9stas, la versi\u00f3n de producci\u00f3n del nuevo Urban SUV &#8211; que en Jap\u00f3n se comercializar\u00e1 bajo el nombre de VEZEL- y el roadster S660 Concept, un biplaza descapotable que revoluciona el segmento de los deportivos y los mini veh\u00edculos en un \u00fanico producto.<\/p>\n<p>Disfruta otra vez m\u00e1s de la comunicaci\u00f3n Honda con su <i>Think Outside The Box. <\/i><\/p>\n","protected":false},"excerpt":{"rendered":"<p>\u00c9sta es la invitaci\u00f3n con la que Honda recibi\u00f3 la 43\u00aa edici\u00f3n del Sal\u00f3n de&#8230;<\/p>\n","protected":false},"author":3,"featured_media":2585,"comment_status":"open","ping_status":"open","sticky":false,"template":"","format":"video","meta":{"_acf_changed":false,"footnotes":""},"categories":[3,9],"class_list":["post-2544","post","type-post","status-publish","format-video","has-post-thumbnail","hentry","category-innovacion","category-mundo-honda","post_format-post-format-video"],"acf":[],"_links":{"self":[{"href":"https:\/\/www.honda.es\/hondadreams\/wp-json\/wp\/v2\/posts\/2544","targetHints":{"allow":["GET"]}}],"collection":[{"href":"https:\/\/www.honda.es\/hondadreams\/wp-json\/wp\/v2\/posts"}],"about":[{"href":"https:\/\/www.honda.es\/hondadreams\/wp-json\/wp\/v2\/types\/post"}],"author":[{"embeddable":true,"href":"https:\/\/www.honda.es\/hondadreams\/wp-json\/wp\/v2\/users\/3"}],"replies":[{"embeddable":true,"href":"https:\/\/www.honda.es\/hondadreams\/wp-json\/wp\/v2\/comments?post=2544"}],"version-history":[{"count":3,"href":"https:\/\/www.honda.es\/hondadreams\/wp-json\/wp\/v2\/posts\/2544\/revisions"}],"predecessor-version":[{"id":2600,"href":"https:\/\/www.honda.es\/hondadreams\/wp-json\/wp\/v2\/posts\/2544\/revisions\/2600"}],"wp:featuredmedia":[{"embeddable":true,"href":"https:\/\/www.honda.es\/hondadreams\/wp-json\/wp\/v2\/media\/2585"}],"wp:attachment":[{"href":"https:\/\/www.honda.es\/hondadreams\/wp-json\/wp\/v2\/media?parent=2544"}],"wp:term":[{"taxonomy":"category","embeddable":true,"href":"https:\/\/www.honda.es\/hondadreams\/wp-json\/wp\/v2\/categories?post=2544"}],"curies":[{"name":"wp","href":"https:\/\/api.w.org\/{rel}","templated":true}]}}