{"id":2547,"date":"2013-12-11T13:10:45","date_gmt":"2013-12-11T11:10:45","guid":{"rendered":"https:\/\/www.hondadreams.es\/?p=2547"},"modified":"2013-12-17T19:13:44","modified_gmt":"2013-12-17T17:13:44","slug":"el-honda-accord-nombrado-coche-ecologico-del-ano-2014","status":"publish","type":"post","link":"https:\/\/www.honda.es\/hondadreams\/2013\/12\/11\/el-honda-accord-nombrado-coche-ecologico-del-ano-2014\/","title":{"rendered":"El Honda Accord, nombrado Coche Ecol\u00f3gico del A\u00f1o 2014"},"content":{"rendered":"<p>El <a href=\"http:\/\/www.world.honda.com\/ACCORD\/\">Honda Accord<\/a> que se comercializa en Am\u00e9rica ha sido <a href=\"http:\/\/hondanews.com\/channels\/honda-automobiles-accord\/releases\/honda-accord-named-2014-green-car-of-the-year-by-green-car-journal\">escogido<\/a> Coche Ecol\u00f3gico del A\u00f1o 2014 por la revista <a href=\"http:\/\/greencarjournal.com\/\">Green Car Journal<\/a>, que cada a\u00f1o aprovecha la cita del <a href=\"http:\/\/laautoshow.com\/\">Sal\u00f3n del Autom\u00f3vil de Los \u00c1ngeles<\/a> para premiar el veh\u00edculo m\u00e1s respetuoso con el medio ambiente. \u00c9sta es la segunda ocasi\u00f3n en tres a\u00f1os que Honda recibe el reconocimiento del Green Car Journal. En 2012, el <a href=\"http:\/\/articles.latimes.com\/2011\/nov\/17\/business\/la-fi-la-auto-show-2011-honda-civic-natural-gas-wins-green-car-of-the-year-award-20111117\">premiado<\/a> fue el <a href=\"http:\/\/www.greencarreports.com\/news\/1060011_2012-honda-civic-natural-gas-video-of-alternative-fuel-car\">Honda Civic Natural Gas<\/a>. Entre los finalistas superados por el Honda Accord hab\u00eda modelos de Audi, BMW, Mazda y Toyota.<\/p>\n<p>El galard\u00f3n ha sido concedido a toda la gama Accord, que incluye el cup\u00e9 y el sed\u00e1n \u00a0y los motores L4 y V6 por su alto rendimiento y el bajo nivel de emisiones contaminantes. Sin embargo, han recibido una menci\u00f3n especial las dos versiones de Accord que utilizan tecnolog\u00edas alternativas al motor de combusti\u00f3n: el Accord H\u00edbrido y el Accord H\u00edbrido Enchufable, capaz de circular a lo largo de 100 kil\u00f3metros por cada 2,05 litros de combustible, \u00abla mejor cifra de cualquier coche h\u00edbrido de tama\u00f1o medio\u201d en Estados Unidos.<\/p>\n<div id=\"attachment_2549\" style=\"width: 571px\" class=\"wp-caption aligncenter\"><img loading=\"lazy\" decoding=\"async\" aria-describedby=\"caption-attachment-2549\" class=\"size-full wp-image-2549\" alt=\"Honda Accord, Coche Ecol\u00f3gico del A\u00f1o por la revista Green Car Journal \" src=\"https:\/\/www.honda.es\/hondadreams\/wp-content\/uploads\/Honda-Accord-H\u00edbrido.jpg\" width=\"561\" height=\"299\" \/><p id=\"caption-attachment-2549\" class=\"wp-caption-text\">Honda Accord, Coche Ecol\u00f3gico del A\u00f1o por la revista Green Car Journal<\/p><\/div>\n<p>El jurado de los premios, compuesto por periodistas del <i>Green Car Journal<\/i> y personalidades de organizaciones medioambientales norteamericanas, no tienen en cuenta \u00fanicamente criterios de eficiencia energ\u00e9tica para escoger al ganador, sino que consideran tambi\u00e9n las posibilidades que el modelo escogido tiene de alcanzar un buen nivel de ventas. Durante la ceremonia, el jurado <a href=\"http:\/\/www.prnewswire.com\/news-releases\/2014-honda-accord-named-green-car-journals-2014-green-car-of-the-year-winner-232857641.html\">explic\u00f3<\/a>:<\/p>\n<p>\u201c<i>Los finalistas han sido seleccionados por sus logros en subir el list\u00f3n del rendimiento medioambiental. Otro factor que se tiene en cuenta es la disponibilidad en el mercado de consumo masivo, lo que asegura que los modelos premiados tienen el potencial de marcar realmente la diferencia en t\u00e9rminos de impacto ambiental<\/i>\u201d.<\/p>\n<p>En este sentido,\u00a0 el jurado <a href=\"http:\/\/www.prnewswire.com\/news-releases\/2014-honda-accord-named-green-car-journals-2014-green-car-of-the-year-winner-232857641.html\">destac\u00f3<\/a> que el Accord ha evolucionado para satisfacer las exigencias de un mercado cada vez m\u00e1s sofisticado y cambiante, que busca una mayor eficiencia energ\u00e9tica, menores niveles de emisiones de CO\u2082 y un m\u00ednimo impacto ambiental, sin que se sacrifiquen las comodidades y la experiencia al volante.<\/p>\n<div id=\"attachment_2550\" style=\"width: 610px\" class=\"wp-caption aligncenter\"><img loading=\"lazy\" decoding=\"async\" aria-describedby=\"caption-attachment-2550\" class=\"size-medium wp-image-2550\" alt=\"Detalle frontal del Honda Accord \" src=\"https:\/\/www.honda.es\/hondadreams\/wp-content\/uploads\/2014-honda-accord-sedan-rear2-600x373.jpg\" width=\"600\" height=\"373\" \/><p id=\"caption-attachment-2550\" class=\"wp-caption-text\">Detalle frontal del Honda Accord<\/p><\/div>\n<p>Ron Cogan, editor y periodista del <em>Green Car Journal<\/em> y de <a href=\"http:\/\/www.carsofchange.com\/\" target=\"_blank\">CarsOfChange.com<\/a> alab\u00f3 durante la ceremonia el Accord H\u00edbrido por acercar al p\u00fablico general un sistema sencillo de eficiencia energ\u00e9tica. Y no fue el \u00fanico. Jean-Michel Cousteau, presidente de la Ocean Futures Society y miembro del jurado de los premios desde su fundaci\u00f3n, subray\u00f3:<\/p>\n<p>\u00ab<i>Si tenemos en cuenta el coste del Honda Accord y el kilometraje que ofrece combinando la potencia del motor est\u00e1ndar y del h\u00edbrido, no s\u00f3lo estamos a la vanguardia en t\u00e9rminos econ\u00f3micos sino que tambi\u00e9n estamos mejorando el impacto medioambiental, al usar menos combustible y reducir las emisiones de CO\u2082<\/i>\u201d.<\/p>\n<p>Honda ve as\u00ed reconocido una vez m\u00e1s su esfuerzo por combinar el placer de conducir con la eficiencia energ\u00e9tica y el compromiso con la movilidad sostenible. Hace unos meses, el estudio <a href=\"https:\/\/www.honda.es\/hondadreams\/2013\/06\/14\/honda-la-tercera-marca-mundial-mas-sostenible-2\/\">Best Global Green Brands 2013<\/a> volvi\u00f3 a posicionar Honda como <a href=\"http:\/\/interbrand.com\/en\/best-global-brands\/Best-Global-Green-Brands\/2013\/Best-Global-Green-Brands-2013.aspx\">tercera marca m\u00e1s sostenible<\/a> a nivel mundial por segundo a\u00f1o consecutivo. Y a principios de a\u00f1o, el Consejo para una Econom\u00eda Energ\u00e9ticamente Eficiente de Estados Unidos (ACEEE, por sus siglas en ingl\u00e9s) incluy\u00f3 cinco veh\u00edculos Honda en su <a href=\"http:\/\/www.greenercars.org.\/highlights_greenest.htm\">clasificaci\u00f3n<\/a> anual de \u201cVeh\u00edculos M\u00e1s Ecol\u00f3gicos de 2013\u201d.<\/p>\n","protected":false},"excerpt":{"rendered":"<p>El Honda Accord que se comercializa en Am\u00e9rica ha sido escogido Coche Ecol\u00f3gico del A\u00f1o&#8230;<\/p>\n","protected":false},"author":3,"featured_media":2552,"comment_status":"open","ping_status":"open","sticky":false,"template":"","format":"standard","meta":{"_acf_changed":false,"footnotes":""},"categories":[9,4],"class_list":["post-2547","post","type-post","status-publish","format-standard","has-post-thumbnail","hentry","category-mundo-honda","category-sostenibilidad"],"acf":[],"_links":{"self":[{"href":"https:\/\/www.honda.es\/hondadreams\/wp-json\/wp\/v2\/posts\/2547","targetHints":{"allow":["GET"]}}],"collection":[{"href":"https:\/\/www.honda.es\/hondadreams\/wp-json\/wp\/v2\/posts"}],"about":[{"href":"https:\/\/www.honda.es\/hondadreams\/wp-json\/wp\/v2\/types\/post"}],"author":[{"embeddable":true,"href":"https:\/\/www.honda.es\/hondadreams\/wp-json\/wp\/v2\/users\/3"}],"replies":[{"embeddable":true,"href":"https:\/\/www.honda.es\/hondadreams\/wp-json\/wp\/v2\/comments?post=2547"}],"version-history":[{"count":3,"href":"https:\/\/www.honda.es\/hondadreams\/wp-json\/wp\/v2\/posts\/2547\/revisions"}],"predecessor-version":[{"id":2617,"href":"https:\/\/www.honda.es\/hondadreams\/wp-json\/wp\/v2\/posts\/2547\/revisions\/2617"}],"wp:featuredmedia":[{"embeddable":true,"href":"https:\/\/www.honda.es\/hondadreams\/wp-json\/wp\/v2\/media\/2552"}],"wp:attachment":[{"href":"https:\/\/www.honda.es\/hondadreams\/wp-json\/wp\/v2\/media?parent=2547"}],"wp:term":[{"taxonomy":"category","embeddable":true,"href":"https:\/\/www.honda.es\/hondadreams\/wp-json\/wp\/v2\/categories?post=2547"}],"curies":[{"name":"wp","href":"https:\/\/api.w.org\/{rel}","templated":true}]}}