{"id":2588,"date":"2013-12-17T14:28:24","date_gmt":"2013-12-17T12:28:24","guid":{"rendered":"https:\/\/www.hondadreams.es\/?p=2588"},"modified":"2013-12-17T14:48:03","modified_gmt":"2013-12-17T12:48:03","slug":"feliz-2014","status":"publish","type":"post","link":"https:\/\/www.honda.es\/hondadreams\/2013\/12\/17\/feliz-2014\/","title":{"rendered":"\u00a1Feliz 2014!"},"content":{"rendered":"<p style=\"text-align: justify;\">Nuestros sue\u00f1os est\u00e1n llenos de los mejores deseos &#8230; y desde Honda siempre hemos cre\u00eddo en el <em>Poder de los Sue\u00f1os<\/em>. \u00bfAlguno de nuestros deseos coincide con tus sue\u00f1os? A trav\u00e9s de la campa\u00f1a solidaria realizada por Honda en beneficio de Cruz Roja, <em>Un euro por un sue\u00f1o<\/em>, hemos compartido muchos sue\u00f1os. \u00a1Gracias!<\/p>\n<p style=\"text-align: center;\"><strong>FELIZ 2014, felices sue\u00f1os\u00a0<\/strong><\/p>\n<p style=\"text-align: center;\"><img loading=\"lazy\" decoding=\"async\" class=\"size-medium wp-image-2589\" alt=\"L1378-HONDA-Navidad-Emailing-Postal\" src=\"https:\/\/www.honda.es\/hondadreams\/wp-content\/uploads\/L1378-HONDA-Navidad-Emailing-Postal-227x600.jpg\" width=\"240\" height=\"637\" \/><\/p>\n","protected":false},"excerpt":{"rendered":"<p>Nuestros sue\u00f1os est\u00e1n llenos de los mejores deseos &#8230; y desde Honda siempre hemos cre\u00eddo&#8230;<\/p>\n","protected":false},"author":3,"featured_media":2583,"comment_status":"open","ping_status":"open","sticky":false,"template":"","format":"standard","meta":{"_acf_changed":false,"footnotes":""},"categories":[9],"class_list":["post-2588","post","type-post","status-publish","format-standard","has-post-thumbnail","hentry","category-mundo-honda"],"acf":[],"_links":{"self":[{"href":"https:\/\/www.honda.es\/hondadreams\/wp-json\/wp\/v2\/posts\/2588","targetHints":{"allow":["GET"]}}],"collection":[{"href":"https:\/\/www.honda.es\/hondadreams\/wp-json\/wp\/v2\/posts"}],"about":[{"href":"https:\/\/www.honda.es\/hondadreams\/wp-json\/wp\/v2\/types\/post"}],"author":[{"embeddable":true,"href":"https:\/\/www.honda.es\/hondadreams\/wp-json\/wp\/v2\/users\/3"}],"replies":[{"embeddable":true,"href":"https:\/\/www.honda.es\/hondadreams\/wp-json\/wp\/v2\/comments?post=2588"}],"version-history":[{"count":4,"href":"https:\/\/www.honda.es\/hondadreams\/wp-json\/wp\/v2\/posts\/2588\/revisions"}],"predecessor-version":[{"id":2594,"href":"https:\/\/www.honda.es\/hondadreams\/wp-json\/wp\/v2\/posts\/2588\/revisions\/2594"}],"wp:featuredmedia":[{"embeddable":true,"href":"https:\/\/www.honda.es\/hondadreams\/wp-json\/wp\/v2\/media\/2583"}],"wp:attachment":[{"href":"https:\/\/www.honda.es\/hondadreams\/wp-json\/wp\/v2\/media?parent=2588"}],"wp:term":[{"taxonomy":"category","embeddable":true,"href":"https:\/\/www.honda.es\/hondadreams\/wp-json\/wp\/v2\/categories?post=2588"}],"curies":[{"name":"wp","href":"https:\/\/api.w.org\/{rel}","templated":true}]}}