{"id":2596,"date":"2013-12-30T11:00:43","date_gmt":"2013-12-30T09:00:43","guid":{"rendered":"https:\/\/www.hondadreams.es\/?p=2596"},"modified":"2013-12-19T13:31:53","modified_gmt":"2013-12-19T11:31:53","slug":"honda-doblara-su-produccion-en-brasil-con-una-nueva-factoria","status":"publish","type":"post","link":"https:\/\/www.honda.es\/hondadreams\/2013\/12\/30\/honda-doblara-su-produccion-en-brasil-con-una-nueva-factoria\/","title":{"rendered":"Honda doblar\u00e1 su producci\u00f3n en Brasil con una nueva factor\u00eda"},"content":{"rendered":"<p>Una capacidad productiva anual de 120.000 autom\u00f3viles y una plantilla de 2.000 trabajadores. Son las previsiones de Honda para la <a href=\"mailto:aboix@honda-eu.com\">nueva factor\u00eda<\/a> que la compa\u00f1\u00eda ha empezado a construir en Sao Paulo, Brasil, cuarta econom\u00eda mundial y uno de los mercados emergentes estrat\u00e9gicos para Honda.<\/p>\n<p>El nuevo centro, en el que Honda planea invertir cerca de 317 millones de euros, se ubicar\u00e1 en un terreno de 5,8 millones de m\u00b2 en la ciudad de Itirapina, a 200 km de Sao Paulo, y se pondr\u00e1 en marcha en 2015.<\/p>\n<p>Con esta inversi\u00f3n <a href=\"http:\/\/www.honda.com.br\/Paginas\/default.aspx\">Honda Automoveis do Brasil<\/a> calcula duplicar su producci\u00f3n de autom\u00f3viles en el pa\u00eds, ya que se sumar\u00e1 a los resultados de las instalaciones operativas desde 1997 en la localidad de Sumar\u00e9, a 100 kil\u00f3metros de Itirapina. La segunda factor\u00eda de Honda en la regi\u00f3n, equipada con las \u00faltimas tecnolog\u00edas y procesos de pintado, se centrar\u00e1 inicialmente en fabricar modelos Jazz, aunque m\u00e1s adelante se prev\u00e9 que se ampl\u00ede a otros modelos. Honda ya es el primer fabricante de motocicletas en el pa\u00eds, una divisi\u00f3n de negocio que empez\u00f3 en 1971.<\/p>\n<p>Paralelamente, el nuevo centro de Investigaci\u00f3n y Desarrollo que Honda prev\u00e9 abrir en Sumar\u00e9 a finales del ejercicio actual contribuir\u00e1 tambi\u00e9n a reforzar la posici\u00f3n de la compa\u00f1\u00eda en Am\u00e9rica del Sur. En este sentido, el presidente de Honda, Takanobu Ito, destac\u00f3 durante el anuncio:<\/p>\n<p>\u00abComo cuarto mercado mundial, Brasil es uno de los mercados m\u00e1s importantes del mundo para Honda. Estamos construyendo nuestras instalaciones locales de I+D y, junto con esta nueva planta, continuaremos trabajando para desarrollar productos asequibles que ofrezcan velocidad y bajas emisiones de di\u00f3xido de carbono y que superen las expectativas de nuestros clientes en Brasil\u00bb.<\/p>\n<p>Otro de los proyectos de Honda en Brasil es la inversi\u00f3n de m\u00e1s de 30 millones de euros en la generaci\u00f3n de energ\u00eda renovable para minimizar la huella ecol\u00f3gica de las actividades de la compa\u00f1\u00eda. El pasado mes de octubre comenz\u00f3 la construcci\u00f3n del <a href=\"http:\/\/world.honda.com\/news\/2013\/c131029First-Wind-Farm-Brazil\/index.html\">parque e\u00f3lico<\/a> en Rio Grande do Sul, que entrar\u00e1 en funcionamiento en septiembre de 2014 y ser\u00e1 operado por Honda Energy do Brasil Ltda. Se prev\u00e9 que el parque produzca una cantidad de energ\u00eda equivalente a la que Honda necesita para producir autom\u00f3viles durante un a\u00f1o en Brasil.<\/p>\n","protected":false},"excerpt":{"rendered":"<p>Una capacidad productiva anual de 120.000 autom\u00f3viles y una plantilla de 2.000 trabajadores. Son las&#8230;<\/p>\n","protected":false},"author":3,"featured_media":2598,"comment_status":"open","ping_status":"open","sticky":false,"template":"","format":"standard","meta":{"_acf_changed":false,"footnotes":""},"categories":[9],"class_list":["post-2596","post","type-post","status-publish","format-standard","has-post-thumbnail","hentry","category-mundo-honda"],"acf":[],"_links":{"self":[{"href":"https:\/\/www.honda.es\/hondadreams\/wp-json\/wp\/v2\/posts\/2596","targetHints":{"allow":["GET"]}}],"collection":[{"href":"https:\/\/www.honda.es\/hondadreams\/wp-json\/wp\/v2\/posts"}],"about":[{"href":"https:\/\/www.honda.es\/hondadreams\/wp-json\/wp\/v2\/types\/post"}],"author":[{"embeddable":true,"href":"https:\/\/www.honda.es\/hondadreams\/wp-json\/wp\/v2\/users\/3"}],"replies":[{"embeddable":true,"href":"https:\/\/www.honda.es\/hondadreams\/wp-json\/wp\/v2\/comments?post=2596"}],"version-history":[{"count":1,"href":"https:\/\/www.honda.es\/hondadreams\/wp-json\/wp\/v2\/posts\/2596\/revisions"}],"predecessor-version":[{"id":2597,"href":"https:\/\/www.honda.es\/hondadreams\/wp-json\/wp\/v2\/posts\/2596\/revisions\/2597"}],"wp:featuredmedia":[{"embeddable":true,"href":"https:\/\/www.honda.es\/hondadreams\/wp-json\/wp\/v2\/media\/2598"}],"wp:attachment":[{"href":"https:\/\/www.honda.es\/hondadreams\/wp-json\/wp\/v2\/media?parent=2596"}],"wp:term":[{"taxonomy":"category","embeddable":true,"href":"https:\/\/www.honda.es\/hondadreams\/wp-json\/wp\/v2\/categories?post=2596"}],"curies":[{"name":"wp","href":"https:\/\/api.w.org\/{rel}","templated":true}]}}