{"id":2830,"date":"2014-02-28T16:18:21","date_gmt":"2014-02-28T14:18:21","guid":{"rendered":"https:\/\/www.hondadreams.es\/?p=2830"},"modified":"2017-12-11T20:57:57","modified_gmt":"2017-12-11T18:57:57","slug":"honda-y-el-hospital-sant-joan-de-deu-se-unen-en-la-investigacion-de-enfermedades-raras","status":"publish","type":"post","link":"https:\/\/www.honda.es\/hondadreams\/2014\/02\/28\/honda-y-el-hospital-sant-joan-de-deu-se-unen-en-la-investigacion-de-enfermedades-raras\/","title":{"rendered":"Honda y el Hospital Sant Joan de D\u00e9u se unen en la investigaci\u00f3n de enfermedades raras"},"content":{"rendered":"<p style=\"text-align: justify;\">Hoy viernes <strong>Honda y el <a href=\"http:\/\/www.hsjdbcn.org\/\" target=\"_blank\">Hospital Sant Joan de D\u00e9u de Barcelona<\/a> han firmado el convenio de colaboraci\u00f3n<\/strong> mediante el cual el hospital recibir\u00e1 una dotaci\u00f3n econ\u00f3mica de hasta 25.000 euros, como <a href=\"https:\/\/www.honda.es\/hondadreams\/2013\/11\/18\/una-iniciativa-de-e-salud-ganadora-de-tu-proyecto-nuestro-proyecto\/\" target=\"_blank\">ganador de la iniciativa de RSC<\/a> <i>Tu Proyecto, Nuestro Proyecto.<\/i><\/p>\n<p style=\"text-align: justify;\">Como ya anunciamos en el pasado mes de noviembre, el proyecto en investigaci\u00f3n participativa sobre enfermedades raras se basa en lo que en e-Salud se conoce como estudios de investigaci\u00f3n mediante la colaboraci\u00f3n abierta \u2013m\u00e1s conocidos por su nombre en ingl\u00e9s <i>crowdsourced health research studies<\/i>. El Hospital Sant Joan de D\u00e9u, en colaboraci\u00f3n con la Unidad 703 de CIBERER y la <a href=\"http:\/\/www.uoc.edu\/portal\/ca\/index.html\" target=\"_blank\">Universitat Oberta de Catalunya<\/a> (UOC), trabajan en el desarrollo de una plataforma online que permite aglutinar informaci\u00f3n relativa a tres enfermedades raras pedi\u00e1tricas de muy baja prevalencia y sin tratamiento curativo. A trav\u00e9s de este espacio, los afectados, familias y el conjunto de la comunidad m\u00e9dica y cient\u00edfica pueden compartir informaci\u00f3n y experiencias, superando las barreras geogr\u00e1ficas que dificultan un mejor conocimiento de estas enfermedades y logrando una masa cr\u00edtica suficiente para proseguir con una investigaci\u00f3n.<\/p>\n<p style=\"text-align: justify;\">Coincidiendo con el D\u00eda Internacional de las Enfermedades Raras, que se celebra hoy d\u00eda 28 de febrero, Honda ha visitado hoy las instalaciones del Hospital Sant Joan de D\u00e9u. En un encuentro con el director gerente del hospital y la directora de la investigaci\u00f3n, el presidente de Honda Motor Europe Espa\u00f1a, Marc Serruya, ha conocido de primera mano los objetivos y beneficios que derivar\u00e1n del proyecto ganador, Adem\u00e1s, hemos tenido la oportunidad de conocer el \u00e9xito de su antecedente, la <a href=\"http:\/\/www.guiametabolica.org\/\">Gu\u00eda Metab\u00f3lica<\/a>, una p\u00e1gina web lanzada en el a\u00f1o 2010 \u2013que cuenta con canales sociales como <a href=\"https:\/\/www.facebook.com\/guiametabolica?fref=ts\">Facebook<\/a> y <a href=\"https:\/\/twitter.com\/guiametabolica\">Twitter<\/a>\u2013 y convertida en un referente para las familias que viven con este tipo de enfermedades.<\/p>\n<p><a href=\"https:\/\/www.honda.es\/hondadreams\/wp-content\/uploads\/IMG_7218.jpg\"><img loading=\"lazy\" decoding=\"async\" class=\"wp-image-2842 aligncenter\" alt=\"IMG_7218\" src=\"https:\/\/www.honda.es\/hondadreams\/wp-content\/uploads\/IMG_7218-1200x799.jpg\" width=\"600\" height=\"399\" \/><\/a><\/p>\n<p style=\"text-align: justify;\">Iniciativas como la que hemos vuelto a realizar este a\u00f1o, con la segunda edici\u00f3n de <i>Tu Proyecto, Nuestro Proyecto<\/i>, ayudan a construir un entorno mejor y seguir adelante con las ideas, compromisos y sue\u00f1os de muchas personas. La firma de hoy viernes es un paso adelante en un proyecto ejemplo de trabajo en equipo y colaboraci\u00f3n. Hoy, D\u00eda Internacional de las Enfermedades Raras, queremos cerrar la semana felicitando a los impulsores de dicho proyecto, que estamos seguros ser\u00e1 un \u00e9xito y revertir\u00e1 en unos beneficios muy positivos. \u00a1Felicidades! Y gracias a todos quienes han hecho posible otro a\u00f1o de <i>Tu Proyecto, Nuestro Proyecto<\/i>.<\/p>\n","protected":false},"excerpt":{"rendered":"<p>Hoy viernes Honda y el Hospital Sant Joan de D\u00e9u de Barcelona han firmado el&#8230;<\/p>\n","protected":false},"author":3,"featured_media":2845,"comment_status":"open","ping_status":"open","sticky":false,"template":"","format":"standard","meta":{"_acf_changed":false,"footnotes":""},"categories":[9,10],"class_list":["post-2830","post","type-post","status-publish","format-standard","has-post-thumbnail","hentry","category-mundo-honda","category-rsc"],"acf":[],"_links":{"self":[{"href":"https:\/\/www.honda.es\/hondadreams\/wp-json\/wp\/v2\/posts\/2830","targetHints":{"allow":["GET"]}}],"collection":[{"href":"https:\/\/www.honda.es\/hondadreams\/wp-json\/wp\/v2\/posts"}],"about":[{"href":"https:\/\/www.honda.es\/hondadreams\/wp-json\/wp\/v2\/types\/post"}],"author":[{"embeddable":true,"href":"https:\/\/www.honda.es\/hondadreams\/wp-json\/wp\/v2\/users\/3"}],"replies":[{"embeddable":true,"href":"https:\/\/www.honda.es\/hondadreams\/wp-json\/wp\/v2\/comments?post=2830"}],"version-history":[{"count":3,"href":"https:\/\/www.honda.es\/hondadreams\/wp-json\/wp\/v2\/posts\/2830\/revisions"}],"predecessor-version":[{"id":2844,"href":"https:\/\/www.honda.es\/hondadreams\/wp-json\/wp\/v2\/posts\/2830\/revisions\/2844"}],"wp:featuredmedia":[{"embeddable":true,"href":"https:\/\/www.honda.es\/hondadreams\/wp-json\/wp\/v2\/media\/2845"}],"wp:attachment":[{"href":"https:\/\/www.honda.es\/hondadreams\/wp-json\/wp\/v2\/media?parent=2830"}],"wp:term":[{"taxonomy":"category","embeddable":true,"href":"https:\/\/www.honda.es\/hondadreams\/wp-json\/wp\/v2\/categories?post=2830"}],"curies":[{"name":"wp","href":"https:\/\/api.w.org\/{rel}","templated":true}]}}