{"id":2863,"date":"2014-03-04T18:30:35","date_gmt":"2014-03-04T16:30:35","guid":{"rendered":"https:\/\/www.hondadreams.es\/?p=2863"},"modified":"2017-12-11T20:56:22","modified_gmt":"2017-12-11T18:56:22","slug":"civic-type-r-el-coche-de-competicion-para-la-carretera","status":"publish","type":"post","link":"https:\/\/www.honda.es\/hondadreams\/2014\/03\/04\/civic-type-r-el-coche-de-competicion-para-la-carretera\/","title":{"rendered":"Civic Type R, el coche de competici\u00f3n para la carretera"},"content":{"rendered":"<p style=\"text-align: justify;\">Ya lo anunciamos hace unas semanas y aunque el Sal\u00f3n de Ginebra no abrir\u00e1 sus puertas al p\u00fablico hasta el d\u00eda 6, los afortunados de prensa (y medios en general) ya han podido acceder al recinto que acoge la cita cl\u00e1sica del autom\u00f3vil en Europa y ver en persona el nuevo <strong>Honda Civic Type R Concept<\/strong>, el \u00abcoche de competici\u00f3n para la carretera\u00bb.<\/p>\n<p style=\"text-align: justify;\">El concept que hoy ha revelado la Compa\u00f1\u00eda avanza el dise\u00f1o exterior de la que ser\u00e1 la versi\u00f3n de producci\u00f3n del Type R, que\u00a0 se lanzar\u00e1 en Europa durante 2015. Con el car\u00e1cter distintivo del Type R, el perfil aerodin\u00e1mico combina elegancia con funcionalidad y rendimiento al m\u00e1ximo, con muchos de sus rasgos estil\u00edsticos aportando algo m\u00e1s que est\u00e9tica. Es el caso, por ejemplo, de la forma y del \u00e1ngulo del doble aler\u00f3n trasero, de las rejillas delanteras superior e inferior y las salidas de aire del cap\u00f3 o de los guardabarros frontales y traseros.<\/p>\n<div id=\"attachment_2852\" style=\"width: 610px\" class=\"wp-caption aligncenter\"><img loading=\"lazy\" decoding=\"async\" aria-describedby=\"caption-attachment-2852\" class=\"size-medium wp-image-2852\" src=\"https:\/\/www.honda.es\/hondadreams\/wp-content\/uploads\/cinco-600x400.jpg\" alt=\"Civic Type R Concept \" width=\"600\" height=\"400\" \/><p id=\"caption-attachment-2852\" class=\"wp-caption-text\">Civic Type R Concept<\/p><\/div>\n<p style=\"text-align: justify;\">La Compa\u00f1\u00eda no ha anunciado todav\u00eda las prestaciones en detalle, pero el pr\u00f3ximo Civic Type R llegar\u00e1 con una potencia de al menos 280CV, siendo el primer modelo en Europa en equiparse con uno de los nuevos motores VTEC TURBO de la serie Earth Dreams Technology. Este motor de 2 litros, inyecci\u00f3n directa y turbo 4 cilindros est\u00e1 previsto que ofrezca una potencia l\u00edder en su categor\u00eda y sea compatible con la normativa EURO 6. Y es que aunque hace ya un tiempo que por Europa no se han visto los motores turbo de Honda en los modelos de producci\u00f3n, la Compa\u00f1\u00eda ha seguido trabajando activamente en el desarrollo de esta tecnolog\u00eda, para la cual han sido muy importantes los datos obtenidos de la participaci\u00f3n de Honda en el Campeonato Mundial de Turismos (WTCC) en la temporada 2013.<\/p>\n<p style=\"text-align: justify;\">El Civic Type R que se aproxima pondr\u00e1 en vuestras manos un volante de competici\u00f3n apto para la carretera. \u00a1Disfrutad del rojo y de la galer\u00eda de fotograf\u00edas que en la cabecera de este post encontrar\u00e9is!<\/p>\n","protected":false},"excerpt":{"rendered":"<p>Ya lo anunciamos hace unas semanas y aunque el Sal\u00f3n de Ginebra no abrir\u00e1 sus&#8230;<\/p>\n","protected":false},"author":3,"featured_media":2860,"comment_status":"open","ping_status":"open","sticky":false,"template":"","format":"gallery","meta":{"_acf_changed":false,"footnotes":""},"categories":[3,9],"class_list":["post-2863","post","type-post","status-publish","format-gallery","has-post-thumbnail","hentry","category-innovacion","category-mundo-honda","post_format-post-format-gallery"],"acf":[],"_links":{"self":[{"href":"https:\/\/www.honda.es\/hondadreams\/wp-json\/wp\/v2\/posts\/2863","targetHints":{"allow":["GET"]}}],"collection":[{"href":"https:\/\/www.honda.es\/hondadreams\/wp-json\/wp\/v2\/posts"}],"about":[{"href":"https:\/\/www.honda.es\/hondadreams\/wp-json\/wp\/v2\/types\/post"}],"author":[{"embeddable":true,"href":"https:\/\/www.honda.es\/hondadreams\/wp-json\/wp\/v2\/users\/3"}],"replies":[{"embeddable":true,"href":"https:\/\/www.honda.es\/hondadreams\/wp-json\/wp\/v2\/comments?post=2863"}],"version-history":[{"count":4,"href":"https:\/\/www.honda.es\/hondadreams\/wp-json\/wp\/v2\/posts\/2863\/revisions"}],"predecessor-version":[{"id":6046,"href":"https:\/\/www.honda.es\/hondadreams\/wp-json\/wp\/v2\/posts\/2863\/revisions\/6046"}],"wp:featuredmedia":[{"embeddable":true,"href":"https:\/\/www.honda.es\/hondadreams\/wp-json\/wp\/v2\/media\/2860"}],"wp:attachment":[{"href":"https:\/\/www.honda.es\/hondadreams\/wp-json\/wp\/v2\/media?parent=2863"}],"wp:term":[{"taxonomy":"category","embeddable":true,"href":"https:\/\/www.honda.es\/hondadreams\/wp-json\/wp\/v2\/categories?post=2863"}],"curies":[{"name":"wp","href":"https:\/\/api.w.org\/{rel}","templated":true}]}}