{"id":3023,"date":"2014-04-11T15:21:50","date_gmt":"2014-04-11T13:21:50","guid":{"rendered":"https:\/\/www.hondadreams.es\/?p=3023"},"modified":"2014-04-11T15:21:50","modified_gmt":"2014-04-11T13:21:50","slug":"los-4-civic-wtcc-listos-para-marrakech","status":"publish","type":"post","link":"https:\/\/www.honda.es\/hondadreams\/2014\/04\/11\/los-4-civic-wtcc-listos-para-marrakech\/","title":{"rendered":"Los 4 Civic WTCC, listos para Marrakech"},"content":{"rendered":"<p style=\"text-align: justify;\">Este fin de semana empieza la nueva temporada del <a href=\"http:\/\/www.fiawtcc.com\/\" target=\"_blank\">Campeonato Mundial de Turismos 2014<\/a> (WTCC) y lo hace en el circuito marroqu\u00ed de <a href=\"http:\/\/www.fiawtcc.com\/events?idEvent=160\" target=\"_blank\">Moulay El Hassan<\/a>, en Marrakech. Honda, que participa en la que ser\u00e1 su segunda temporada completa con el equipo Castrol Honda, se presenta con dos nuevos <a href=\"https:\/\/www.honda.es\/hondadreams\/2014\/03\/21\/honda-presenta-el-nuevo-civic-wtcc-2014-exhibiendo-musculo\/\" target=\"_blank\">Civic WTCC<\/a> m\u00e1s impresionantes, con m\u00e1s m\u00fasculo que el modelo de 2013 y con un motor 1.6 de cuatro cilindros e inyecci\u00f3n directa y una potencia de al menos 380CV.<\/p>\n<div id=\"attachment_3026\" style=\"width: 610px\" class=\"wp-caption aligncenter\"><img loading=\"lazy\" decoding=\"async\" aria-describedby=\"caption-attachment-3026\" class=\"size-medium wp-image-3026\" alt=\"Honda Civic WTCC 2014\" src=\"https:\/\/www.honda.es\/hondadreams\/wp-content\/uploads\/26818_Four_Civics_WTCC_Ready_For_Battle_In_The_Streets_of_Marrakech-600x399.jpg\" width=\"600\" height=\"399\" \/><p id=\"caption-attachment-3026\" class=\"wp-caption-text\">Honda Civic WTCC 2014<\/p><\/div>\n<p style=\"text-align: justify;\">Al volante repiten el italiano <a href=\"https:\/\/www.honda.es\/hondadreams\/2014\/03\/28\/gabriele-y-tiago-experiencias-compartidas\/\" target=\"_blank\">Gabriele Tarquini <\/a>\u2013campe\u00f3n del WTCC en 2009\u2013 y el portugu\u00e9s <a href=\"https:\/\/www.honda.es\/hondadreams\/2014\/03\/28\/gabriele-y-tiago-experiencias-compartidas\/\" target=\"_blank\">Tiago Monteiro<\/a>, ambos pilotos con una amplia experiencia en los circuitos y plenamente conscientes de los retos que encontrar\u00e1n en el circuito urbano de Marrakech este fin de semana. \u00abDos rectas largas, r\u00e1pidas y peligrosas sucesiones de curvas muy cerradas y estrechas y muros cerrando el circuito con bordillos elevados\u00bb, explica Gabriele Tarquini al describir el circuito, donde el pasado a\u00f1o termin\u00f3 en segunda posici\u00f3n.<\/p>\n<p style=\"text-align: justify;\">Por su parte, Tiago Monteiro espera que los coches no sufran demasiados da\u00f1os en las carreras de Marrakech: \u00abHemos de ser muy cuidadosos en no tener incidentes, algo que tampoco es f\u00e1cil en este circuito. Esta primera prueba, contra nuevos coches y pilotos del Campeonato, ser\u00e1 muy interesante. Creo que para los fans de Marruecos ser\u00e1 sin duda una cita fant\u00e1stica y que la apariencia de los nuevos coches a\u00f1adir\u00e1 m\u00e1s excitaci\u00f3n al Campeonato\u00bb, afirma Monteiro.<\/p>\n<div id=\"attachment_3025\" style=\"width: 610px\" class=\"wp-caption aligncenter\"><img loading=\"lazy\" decoding=\"async\" aria-describedby=\"caption-attachment-3025\" class=\"size-medium wp-image-3025\" alt=\"Tiagon Monteiro\" src=\"https:\/\/www.honda.es\/hondadreams\/wp-content\/uploads\/26817_Four_Civics_WTCC_Ready_For_Battle_In_The_Streets_of_Marrakech-600x399.jpg\" width=\"600\" height=\"399\" \/><p id=\"caption-attachment-3025\" class=\"wp-caption-text\">Tiago Monteiro<\/p><\/div>\n<p style=\"text-align: justify;\">Adem\u00e1s del equipo oficial Castrol Honda, Honda tambi\u00e9n estar\u00e1 representado con dos equipos privados: Zengo Motorsport, con el piloto h\u00fangaro Norbert Michelisz, y Proteam Racing, que se une a la familia Honda por primera vez con el piloto marroqu\u00ed \u00a0Mehdi Bennani al volante.<\/p>\n<p style=\"text-align: justify;\">Bennani debut\u00f3 en el Campeonato Mundial de Turismos en 2009 ganando el Trofeo Independiente. La presente 2014 ser\u00e1 la quinta temporada del piloto en esta competici\u00f3n, pero su primer a\u00f1o con el volante de un Honda Civic WTCC entre manos. \u00abNo hay nada como la ventaja de correr en casa\u00bb, dice sonriente Bennani, \u00abpero necesitar\u00e9 tiempo para adaptarme al Honda Civic WTCC, ya que tras varios a\u00f1os de experiencias con coches de tracci\u00f3n trasera, ahora tendr\u00e9 que adaptar mi conducci\u00f3n a un coche con tracci\u00f3n delantera muy potente\u00bb, a\u00f1ade. \u00abConf\u00edo en que no me llevar\u00e1 mucho tiempo, quiz\u00e1s en un par de carreras ya pueda estar entre los favoritos. En cuanto a mi objetivo para esta primera carrera en Marrakech y para agradecer el apoyo de mis fans, espero un final entre los diez primeros\u00bb.<\/p>\n<div id=\"attachment_2957\" style=\"width: 610px\" class=\"wp-caption aligncenter\"><img loading=\"lazy\" decoding=\"async\" aria-describedby=\"caption-attachment-2957\" class=\"size-medium wp-image-2957\" alt=\"Los 4 pilotos de los 4 Civic WTCC: Gabriele Tarquini, Tiago Monteiro, Norbert Michelisz and Mehdi Bennani \" src=\"https:\/\/www.honda.es\/hondadreams\/wp-content\/uploads\/I-copia-600x399.jpg\" width=\"600\" height=\"399\" \/><p id=\"caption-attachment-2957\" class=\"wp-caption-text\">Los 4 pilotos de los 4 Civic WTCC: Gabriele Tarquini, Tiago Monteiro, Norbert Michelisz and Mehdi Bennani durante las pruebas de Valencia<\/p><\/div>\n","protected":false},"excerpt":{"rendered":"<p>Este fin de semana empieza la nueva temporada del Campeonato Mundial de Turismos 2014 (WTCC)&#8230;<\/p>\n","protected":false},"author":3,"featured_media":3027,"comment_status":"open","ping_status":"open","sticky":false,"template":"","format":"standard","meta":{"_acf_changed":false,"footnotes":""},"categories":[5],"class_list":["post-3023","post","type-post","status-publish","format-standard","has-post-thumbnail","hentry","category-competicion"],"acf":[],"_links":{"self":[{"href":"https:\/\/www.honda.es\/hondadreams\/wp-json\/wp\/v2\/posts\/3023","targetHints":{"allow":["GET"]}}],"collection":[{"href":"https:\/\/www.honda.es\/hondadreams\/wp-json\/wp\/v2\/posts"}],"about":[{"href":"https:\/\/www.honda.es\/hondadreams\/wp-json\/wp\/v2\/types\/post"}],"author":[{"embeddable":true,"href":"https:\/\/www.honda.es\/hondadreams\/wp-json\/wp\/v2\/users\/3"}],"replies":[{"embeddable":true,"href":"https:\/\/www.honda.es\/hondadreams\/wp-json\/wp\/v2\/comments?post=3023"}],"version-history":[{"count":6,"href":"https:\/\/www.honda.es\/hondadreams\/wp-json\/wp\/v2\/posts\/3023\/revisions"}],"predecessor-version":[{"id":3032,"href":"https:\/\/www.honda.es\/hondadreams\/wp-json\/wp\/v2\/posts\/3023\/revisions\/3032"}],"wp:featuredmedia":[{"embeddable":true,"href":"https:\/\/www.honda.es\/hondadreams\/wp-json\/wp\/v2\/media\/3027"}],"wp:attachment":[{"href":"https:\/\/www.honda.es\/hondadreams\/wp-json\/wp\/v2\/media?parent=3023"}],"wp:term":[{"taxonomy":"category","embeddable":true,"href":"https:\/\/www.honda.es\/hondadreams\/wp-json\/wp\/v2\/categories?post=3023"}],"curies":[{"name":"wp","href":"https:\/\/api.w.org\/{rel}","templated":true}]}}