{"id":3163,"date":"2014-04-21T17:04:46","date_gmt":"2014-04-21T15:04:46","guid":{"rendered":"https:\/\/www.hondadreams.es\/?p=3163"},"modified":"2014-05-05T17:13:07","modified_gmt":"2014-05-05T15:13:07","slug":"doblete-del-equipo-castrol-honda-wtcc-en-francia","status":"publish","type":"post","link":"https:\/\/www.honda.es\/hondadreams\/2014\/04\/21\/doblete-del-equipo-castrol-honda-wtcc-en-francia\/","title":{"rendered":"Doblete del equipo Castrol Honda WTCC en Francia"},"content":{"rendered":"<p style=\"text-align: justify;\">Tras el debut el Marruecos,\u00a0 el equipo Castrol Honda se ha hecho con dos podios en Francia, de la mano de Gabriele Tarquini en la primera carrera y Tiago Monteiro en la segunda.<\/p>\n<p style=\"text-align: justify;\">El balance de la cita de este fin de semana del Campeonato Mundial de Turismos (WTCC) ha arrojado un balance muy positivo, con un Gabriele Tarquini que termin\u00f3 la 1\u00aa carrera en la 3\u00aa posici\u00f3n, mostrando su dominio de las condiciones h\u00famedas y resbaladizas del circuito Paul Ricard.<\/p>\n<p style=\"text-align: justify;\">En la 2\u00aa carrera, Tiago Monteiro \u2013que en la primera tuvo una mala salida y se encontr\u00f3 con problemas de adherencia\u2013, se anot\u00f3 un r\u00e1pido inicio desde la segunda fila de la parrilla, liderando la primera vuelta y\u00a0 seguido de cerca por Mehdi Bennani y su Civic del equipo Proteam Racing. Por detr\u00e1s, Gabriele Tarquini manten\u00eda tambi\u00e9n una alta velocidad, alcanzando el tercer lugar en la 3\u00aa vuelta en el que fue un impresionante tr\u00edo Honda en el circuito.<\/p>\n<p style=\"text-align: justify;\">Tiago Monteiro, que hab\u00eda sacado una ventaja de tres segundos en esta segunda carrera, vio interrumpido su ritmo con la salida del coche de seguridad en la 8\u00aa vuelta y un segundo incidente que, finalmente, lo llevaron a terminar la carrera en tercera posici\u00f3n, alcanzando el segundo podio del fin de semana para el equipo Castrol Honda.<\/p>\n<p style=\"text-align: justify;\">Por su parte, Tarquini acab\u00f3 la carrera en 4\u00aa posici\u00f3n y Bennani en un buen merecido 5\u00ba lugar, mostrando una s\u00f3lida confianza en la batalla a tres que mantuvo con los coches de Sebastian Loeb y Dusan Borkovic.<\/p>\n<p style=\"text-align: justify;\">Para Gabriele Tarquini el podio en la primera carrera y la 4\u00aa posici\u00f3n en la segunda han sido otro paso adelante en la competici\u00f3n. \u00abDos podios en un fin de semana es el m\u00e1ximo de nuestras ambiciones ahora mismo, as\u00ed que estamos todos muy satisfechos y este positivismo es un buen impulso para las siguientes carreras\u00bb.<\/p>\n<p style=\"text-align: justify;\">Mehdi Bennani, que termin\u00f3 en 5\u00ba lugar en esta segunda carrera, manifest\u00f3\u00a0 su satisfacci\u00f3n tras \u00abuna dura competici\u00f3n en la que a cada vuelta los dem\u00e1s pilotos intentaban lo m\u00e1ximo para ir m\u00e1s all\u00e1. Con todo, estoy contento de darle a Honda un 5\u00ba lugar en la que solo ha sido la tercera carrera con el Civic\u00bb.<\/p>\n<p style=\"text-align: justify;\">Por su parte, Norbert Michelisz termin\u00f3 esta segunda carrera en una 8\u00aa posici\u00f3n que no le permiti\u00f3 sacar todos los puntos que le hubiera gustado pero que, sin embargo, ha hecho posible incluir mejoras en el coche de cara a la competici\u00f3n en el circuito de Hungaroring, donde el piloto correr\u00e1 con el factor \u201ccasa\u201d como ventaja.<\/p>\n<div id=\"attachment_3165\" style=\"width: 610px\" class=\"wp-caption aligncenter\"><img loading=\"lazy\" decoding=\"async\" aria-describedby=\"caption-attachment-3165\" class=\"size-medium wp-image-3165\" alt=\"WTCC Le Castellet, 1\u00aa carrera\" src=\"https:\/\/www.honda.es\/hondadreams\/wp-content\/uploads\/26904_Circuit_Paul_Ricard_Race_1-600x400.jpg\" width=\"600\" height=\"400\" \/><p id=\"caption-attachment-3165\" class=\"wp-caption-text\">WTCC Le Castellet, 1\u00aa carrera<\/p><\/div>\n<p><span style=\"text-decoration: underline;\"><strong>Carrera 1<\/strong><\/span><\/p>\n<p>1. Yvan Muller, Citro\u00ebn C-Elys\u00e9e WTCC<\/p>\n<p>2. S\u00e9bastien Loeb, Citro\u00ebn C-Elys\u00e9e WTCC<\/p>\n<p><strong>3. Gabriele Tarquini, Honda Civic WTCC <\/strong><\/p>\n<p>4. Jose-Marie Lopez, Citro\u00ebn C-Elys\u00e9e WTCC<\/p>\n<p>5. Rob Huff, Lada Granta 1.6T<\/p>\n<p>6. Hugo Valente, Chevrolet RML Cruze TC1<\/p>\n<p><strong>7. Norbert Michelisz, Honda Civic WTCC <\/strong><\/p>\n<p><strong>8. Tiago Monteiro, Honda Civic WTCC <\/strong><\/p>\n<p>9. Tom Chilton, Chevrolet RML Cruze TC1<\/p>\n<p>10.\u00a0James Thompson, Lada Granta 1.6T<\/p>\n<p><strong>13. Mehdi Bennani,\u00a0 Honda Civic WTCC <\/strong><\/p>\n<p><span style=\"text-decoration: underline;\"><strong>Carrera 2<\/strong><\/span><\/p>\n<p>1. Jose-Marie Lopez, Citro\u00ebn C-Elys\u00e9e WTCC<\/p>\n<p>2. Yvan Muller, Citro\u00ebn C-Elys\u00e9e WTCC<\/p>\n<p><strong>3. Tiago Monteiro, Honda Civic WTCC <\/strong><\/p>\n<p><strong>4. Gabriele Tarquini, Honda Civic WTCC <\/strong><\/p>\n<p><strong>5. Mehdi Bennani, Honda Civic WTCC <\/strong><\/p>\n<p>6. S\u00e9bastien Loeb, Citro\u00ebn C-Elys\u00e9e WTCC<\/p>\n<p>7. Dusan Borkovic, Chevrolet RML Cruze TC1<\/p>\n<p><strong>8. Norbert Michelisz, Honda Civic WTCC <\/strong><\/p>\n<p>9. Gianni Morbidelli, Chevrolet RML Cruze TC1<\/p>\n<p>10. Hugo Valente, Chevrolet RML Cruze TC1<\/p>\n<p><strong><span style=\"text-decoration: underline;\">Campeonato de Fabricantes<\/span> <\/strong><\/p>\n<p>1. Citro\u00ebn 186<\/p>\n<p><strong>2. Honda 103\u00a0<\/strong><\/p>\n<p>3. LADA 75<\/p>\n","protected":false},"excerpt":{"rendered":"<p>Tras el debut el Marruecos,\u00a0 el equipo Castrol Honda se ha hecho con dos podios&#8230;<\/p>\n","protected":false},"author":3,"featured_media":3164,"comment_status":"open","ping_status":"open","sticky":false,"template":"","format":"standard","meta":{"_acf_changed":false,"footnotes":""},"categories":[5],"class_list":["post-3163","post","type-post","status-publish","format-standard","has-post-thumbnail","hentry","category-competicion"],"acf":[],"_links":{"self":[{"href":"https:\/\/www.honda.es\/hondadreams\/wp-json\/wp\/v2\/posts\/3163","targetHints":{"allow":["GET"]}}],"collection":[{"href":"https:\/\/www.honda.es\/hondadreams\/wp-json\/wp\/v2\/posts"}],"about":[{"href":"https:\/\/www.honda.es\/hondadreams\/wp-json\/wp\/v2\/types\/post"}],"author":[{"embeddable":true,"href":"https:\/\/www.honda.es\/hondadreams\/wp-json\/wp\/v2\/users\/3"}],"replies":[{"embeddable":true,"href":"https:\/\/www.honda.es\/hondadreams\/wp-json\/wp\/v2\/comments?post=3163"}],"version-history":[{"count":2,"href":"https:\/\/www.honda.es\/hondadreams\/wp-json\/wp\/v2\/posts\/3163\/revisions"}],"predecessor-version":[{"id":3167,"href":"https:\/\/www.honda.es\/hondadreams\/wp-json\/wp\/v2\/posts\/3163\/revisions\/3167"}],"wp:featuredmedia":[{"embeddable":true,"href":"https:\/\/www.honda.es\/hondadreams\/wp-json\/wp\/v2\/media\/3164"}],"wp:attachment":[{"href":"https:\/\/www.honda.es\/hondadreams\/wp-json\/wp\/v2\/media?parent=3163"}],"wp:term":[{"taxonomy":"category","embeddable":true,"href":"https:\/\/www.honda.es\/hondadreams\/wp-json\/wp\/v2\/categories?post=3163"}],"curies":[{"name":"wp","href":"https:\/\/api.w.org\/{rel}","templated":true}]}}