{"id":3173,"date":"2014-05-09T11:29:18","date_gmt":"2014-05-09T09:29:18","guid":{"rendered":"https:\/\/www.hondadreams.es\/?p=3173"},"modified":"2014-05-09T11:29:18","modified_gmt":"2014-05-09T09:29:18","slug":"nuevo-concesionario-honda-en-almeria","status":"publish","type":"post","link":"https:\/\/www.honda.es\/hondadreams\/2014\/05\/09\/nuevo-concesionario-honda-en-almeria\/","title":{"rendered":"Nuevo Concesionario Honda en Almer\u00eda"},"content":{"rendered":"<p style=\"text-align: justify;\">La Red Oficial de Concesionarios Honda cuenta con unas <strong>nuevas instalaciones<\/strong> para la distribuci\u00f3n de autom\u00f3viles <strong>Honda en Almer\u00eda<\/strong>, con las que la Compa\u00f1\u00eda suma ahora un total de 76 puntos de servicio para sus Clientes.<\/p>\n<p><img loading=\"lazy\" decoding=\"async\" class=\"size-medium wp-image-3182 aligncenter\" alt=\"20140508 - Concesionario Honda Almer\u00eda\" src=\"https:\/\/www.honda.es\/hondadreams\/wp-content\/uploads\/20140508-Concesionario-Honda-Almer\u00eda-450x600.jpg\" width=\"450\" height=\"600\" \/><\/p>\n<p style=\"text-align: justify;\">El espacio, que dispone de aproximadamente 750 m<sup>2 <\/sup>destinados a la venta de autom\u00f3viles y servicio de posventa, contribuir\u00e1 a las ventas de los modelos clave de la gama Honda en Espa\u00f1a, el Civic y CR-V. Modelos que durante el pasado a\u00f1o fueron los impulsores del crecimiento de las ventas de la Compa\u00f1\u00eda y que vienen equipados tambi\u00e9n con el motor diesel 1.6 de la serie <em>Earth Dreams Technology.<\/em><\/p>\n<p style=\"text-align: justify;\">La inauguraci\u00f3n, que tuvo lugar ayer jueves, ha contado con la presencia del Presidente de Honda Motor Europe Espa\u00f1a, Marc Serruya, y del Gerente del nuevo Concesionario, Juan Jos\u00e9 Fern\u00e1ndez, que han estado acompa\u00f1ados del Sr. Andr\u00e9s Garc\u00eda Lorca, Subdelegado del Gobierno en Almer\u00eda.<\/p>\n<p><img loading=\"lazy\" decoding=\"async\" class=\" wp-image-3181 aligncenter\" alt=\"marc\" src=\"https:\/\/www.honda.es\/hondadreams\/wp-content\/uploads\/marc-530x600.jpg\" width=\"454\" height=\"515\" \/><\/p>\n","protected":false},"excerpt":{"rendered":"<p>La Red Oficial de Concesionarios Honda cuenta con unas nuevas instalaciones para la distribuci\u00f3n de&#8230;<\/p>\n","protected":false},"author":3,"featured_media":3185,"comment_status":"open","ping_status":"open","sticky":false,"template":"","format":"standard","meta":{"_acf_changed":false,"footnotes":""},"categories":[9],"class_list":["post-3173","post","type-post","status-publish","format-standard","has-post-thumbnail","hentry","category-mundo-honda"],"acf":[],"_links":{"self":[{"href":"https:\/\/www.honda.es\/hondadreams\/wp-json\/wp\/v2\/posts\/3173","targetHints":{"allow":["GET"]}}],"collection":[{"href":"https:\/\/www.honda.es\/hondadreams\/wp-json\/wp\/v2\/posts"}],"about":[{"href":"https:\/\/www.honda.es\/hondadreams\/wp-json\/wp\/v2\/types\/post"}],"author":[{"embeddable":true,"href":"https:\/\/www.honda.es\/hondadreams\/wp-json\/wp\/v2\/users\/3"}],"replies":[{"embeddable":true,"href":"https:\/\/www.honda.es\/hondadreams\/wp-json\/wp\/v2\/comments?post=3173"}],"version-history":[{"count":5,"href":"https:\/\/www.honda.es\/hondadreams\/wp-json\/wp\/v2\/posts\/3173\/revisions"}],"predecessor-version":[{"id":3187,"href":"https:\/\/www.honda.es\/hondadreams\/wp-json\/wp\/v2\/posts\/3173\/revisions\/3187"}],"wp:featuredmedia":[{"embeddable":true,"href":"https:\/\/www.honda.es\/hondadreams\/wp-json\/wp\/v2\/media\/3185"}],"wp:attachment":[{"href":"https:\/\/www.honda.es\/hondadreams\/wp-json\/wp\/v2\/media?parent=3173"}],"wp:term":[{"taxonomy":"category","embeddable":true,"href":"https:\/\/www.honda.es\/hondadreams\/wp-json\/wp\/v2\/categories?post=3173"}],"curies":[{"name":"wp","href":"https:\/\/api.w.org\/{rel}","templated":true}]}}