{"id":3226,"date":"2014-05-16T12:59:02","date_gmt":"2014-05-16T10:59:02","guid":{"rendered":"https:\/\/www.hondadreams.es\/?p=3226"},"modified":"2014-05-16T13:01:33","modified_gmt":"2014-05-16T11:01:33","slug":"valdemotor-en-gijon-nuevo-concesionario-honda","status":"publish","type":"post","link":"https:\/\/www.honda.es\/hondadreams\/2014\/05\/16\/valdemotor-en-gijon-nuevo-concesionario-honda\/","title":{"rendered":"Valdemotor en Gij\u00f3n, nuevo concesionario Honda"},"content":{"rendered":"<p style=\"text-align: justify;\">El jueves pasado fue <a href=\"https:\/\/www.honda.es\/hondadreams\/2014\/05\/09\/nuevo-concesionario-honda-en-almeria\/\" target=\"_blank\">Almer\u00eda<\/a>, ayer Gij\u00f3n. Honda ha vuelto a inaugurar instalaciones y esta vez lo ha hecho en Gij\u00f3n donde, bajo la gerencia de Jos\u00e9 Manuel Rodr\u00edguez y con m\u00e1s de 1.200 m\u00b2 destinados a la venta de autom\u00f3viles y servicio de posventa, el <strong>Concesionario Honda Valdemotor<\/strong> celebra nuevas instalaciones.<\/p>\n<p><img loading=\"lazy\" decoding=\"async\" class=\" wp-image-3220 aligncenter\" alt=\"Honda Valdemotor (1)\" src=\"https:\/\/www.honda.es\/hondadreams\/wp-content\/uploads\/Honda-Valdemotor-1-600x450.jpg\" width=\"535\" height=\"401\" \/><\/p>\n<p style=\"text-align: justify;\">De los 76 puntos de servicio que conforman la Red de Concesionarios Oficiales Honda, <strong>Valdemotor cuenta ahora con dos puntos de venta y posventa<\/strong> en el Principado de Asturias, uno en <strong>Gij\u00f3n<\/strong> y otro en <strong>Oviedo<\/strong>. Espacios desde los que el equipo de Valdemotor espera contribuir al crecimiento de las ventas de los modelos clave de la gama Honda en Espa\u00f1a, el Civic y el CR-V, equipados con el motor diesel 1.6 litros Earth Dreams Technology. As\u00ed lo manifest\u00f3 el gerente Jos\u00e9 Manuel Rodr\u00edguez durante el acto de inauguraci\u00f3n que cont\u00f3 con la presencia de Marc Serruya, Presidente de Honda Motor Europe Espa\u00f1a, de Rafael Felgueroso, Vicealcalde de Gij\u00f3n, y del Vicepresidente de la C\u00e1mara de Comercio de Gij\u00f3n, David Arg\u00fcelles.<\/p>\n<div id=\"attachment_3222\" style=\"width: 610px\" class=\"wp-caption aligncenter\"><img loading=\"lazy\" decoding=\"async\" aria-describedby=\"caption-attachment-3222\" class=\"size-medium wp-image-3222 \" alt=\"Inauguraci\u00f3n\" src=\"https:\/\/www.honda.es\/hondadreams\/wp-content\/uploads\/Inauguraci\u00f3n-600x450.jpg\" width=\"600\" height=\"450\" \/><p id=\"caption-attachment-3222\" class=\"wp-caption-text\">De izquierda a derecha: Vicepresidente de la C\u00e1mara de Comercio de Gij\u00f3n, Sr. David Arg\u00fcelles; Vicealcalde de Gij\u00f3n, Sr. Rafael Felgueroso; Gerente y propietario Valdemotor, Sr. Jos\u00e9 Manuel Rodr\u00edguez; Presidente Honda Motor Europe Espa\u00f1a, Sr. Marc Serruya.<\/p><\/div>\n","protected":false},"excerpt":{"rendered":"<p>El jueves pasado fue Almer\u00eda, ayer Gij\u00f3n. Honda ha vuelto a inaugurar instalaciones y esta&#8230;<\/p>\n","protected":false},"author":3,"featured_media":3221,"comment_status":"open","ping_status":"open","sticky":false,"template":"","format":"standard","meta":{"_acf_changed":false,"footnotes":""},"categories":[9],"class_list":["post-3226","post","type-post","status-publish","format-standard","has-post-thumbnail","hentry","category-mundo-honda"],"acf":[],"_links":{"self":[{"href":"https:\/\/www.honda.es\/hondadreams\/wp-json\/wp\/v2\/posts\/3226","targetHints":{"allow":["GET"]}}],"collection":[{"href":"https:\/\/www.honda.es\/hondadreams\/wp-json\/wp\/v2\/posts"}],"about":[{"href":"https:\/\/www.honda.es\/hondadreams\/wp-json\/wp\/v2\/types\/post"}],"author":[{"embeddable":true,"href":"https:\/\/www.honda.es\/hondadreams\/wp-json\/wp\/v2\/users\/3"}],"replies":[{"embeddable":true,"href":"https:\/\/www.honda.es\/hondadreams\/wp-json\/wp\/v2\/comments?post=3226"}],"version-history":[{"count":1,"href":"https:\/\/www.honda.es\/hondadreams\/wp-json\/wp\/v2\/posts\/3226\/revisions"}],"predecessor-version":[{"id":3227,"href":"https:\/\/www.honda.es\/hondadreams\/wp-json\/wp\/v2\/posts\/3226\/revisions\/3227"}],"wp:featuredmedia":[{"embeddable":true,"href":"https:\/\/www.honda.es\/hondadreams\/wp-json\/wp\/v2\/media\/3221"}],"wp:attachment":[{"href":"https:\/\/www.honda.es\/hondadreams\/wp-json\/wp\/v2\/media?parent=3226"}],"wp:term":[{"taxonomy":"category","embeddable":true,"href":"https:\/\/www.honda.es\/hondadreams\/wp-json\/wp\/v2\/categories?post=3226"}],"curies":[{"name":"wp","href":"https:\/\/api.w.org\/{rel}","templated":true}]}}