{"id":338,"date":"2013-02-28T10:11:48","date_gmt":"2013-02-28T10:11:48","guid":{"rendered":"https:\/\/www.hondadreams.es\/?p=338"},"modified":"2016-09-07T12:22:46","modified_gmt":"2016-09-07T10:22:46","slug":"salon-de-ginebra-honda","status":"publish","type":"post","link":"https:\/\/www.honda.es\/hondadreams\/2013\/02\/28\/salon-de-ginebra-honda\/","title":{"rendered":"Ginebra, la cita ineludible"},"content":{"rendered":"<p>Ginebra ser\u00e1 el lugar en el que Honda desvelar\u00e1 las l\u00edneas del nuevo Civic Wagon Concept, presentar\u00e1 la cuarta generaci\u00f3n del CR-V equipada con el nuevo motor diesel 1.6 i-DTEC, mostrar\u00e1 el NSX Concept tras su paseo por Detroit y expondr\u00e1 el Civic WTCC que compite este a\u00f1o, de la mano de los pilotos Gabriele Tarquini y Tiago Monteiro, en el Campeonato Mundial de Turismos.<\/p>\n<p>El <a href=\"http:\/\/www.salon-auto.ch\/en\/\">Sal\u00f3n del Autom\u00f3vil de Ginebra<\/a> abrir\u00e1 sus puertas en una semana y Honda ultima la puesta en escena de sus novedades y de toda su gama de de autom\u00f3viles, incluidos los modelos Accord, CR-V, Civic y Jazz, los h\u00edbridos CR-Z, el Insight y el Jazz Hybrid, as\u00ed como el FCX, el primer veh\u00edculo el\u00e9ctrico de pila de combustible del mundo que se comercializa.<\/p>\n<p>Ginebra, la cita reina del sector de la automoci\u00f3n en Europa, mostrar\u00e1 los secretos del nuevo motor diesel 1.6 i-DTEC una vez incorporado, tras haberlo hecho en el Civic, en el Honda CR-V, con unas emisiones de CO\u2082 119 gr\/km. Y lo har\u00e1 adem\u00e1s dando respuesta a la creciente demanda en Europa de motores m\u00e1s peque\u00f1os y a la preferencia de los conductores por los SUV diesel de tracci\u00f3n delantera. Pasada ya una d\u00e9cada desde que Honda iniciara la producci\u00f3n del CR-V en la f\u00e1brica de Swindon (en Reino Unido) y con m\u00e1s de cinco millones de CR-V vendidos en todo el mundo desde su lanzamiento, en 1995, Honda apuesta de nuevo por el mercado europeo con un modelo, el CR-V 1.6 i-DTEC, exclusivo para el continente. No pod\u00eda ser sino en Ginebra donde hiciera su debut europeo.<\/p>\n<div id=\"attachment_340\" style=\"width: 610px\" class=\"wp-caption alignnone\"><a href=\"https:\/\/www.honda.es\/hondadreams\/wp-content\/uploads\/Civic_wagon_concept_.jpg\"><img loading=\"lazy\" decoding=\"async\" aria-describedby=\"caption-attachment-340\" class=\"size-medium wp-image-340\" src=\"https:\/\/www.honda.es\/hondadreams\/wp-content\/uploads\/Civic_wagon_concept_-600x227.jpg\" alt=\"Civic Wagon Concept \" width=\"600\" height=\"227\" \/><\/a><p id=\"caption-attachment-340\" class=\"wp-caption-text\">Civic Wagon Concept<\/p><\/div>\n","protected":false},"excerpt":{"rendered":"<p>Ginebra ser\u00e1 el lugar en el que Honda desvelar\u00e1 las l\u00edneas del nuevo Civic Wagon&#8230;<\/p>\n","protected":false},"author":3,"featured_media":353,"comment_status":"open","ping_status":"open","sticky":false,"template":"","format":"standard","meta":{"_acf_changed":false,"footnotes":""},"categories":[9],"class_list":["post-338","post","type-post","status-publish","format-standard","has-post-thumbnail","hentry","category-mundo-honda"],"acf":[],"_links":{"self":[{"href":"https:\/\/www.honda.es\/hondadreams\/wp-json\/wp\/v2\/posts\/338","targetHints":{"allow":["GET"]}}],"collection":[{"href":"https:\/\/www.honda.es\/hondadreams\/wp-json\/wp\/v2\/posts"}],"about":[{"href":"https:\/\/www.honda.es\/hondadreams\/wp-json\/wp\/v2\/types\/post"}],"author":[{"embeddable":true,"href":"https:\/\/www.honda.es\/hondadreams\/wp-json\/wp\/v2\/users\/3"}],"replies":[{"embeddable":true,"href":"https:\/\/www.honda.es\/hondadreams\/wp-json\/wp\/v2\/comments?post=338"}],"version-history":[{"count":17,"href":"https:\/\/www.honda.es\/hondadreams\/wp-json\/wp\/v2\/posts\/338\/revisions"}],"predecessor-version":[{"id":6092,"href":"https:\/\/www.honda.es\/hondadreams\/wp-json\/wp\/v2\/posts\/338\/revisions\/6092"}],"wp:featuredmedia":[{"embeddable":true,"href":"https:\/\/www.honda.es\/hondadreams\/wp-json\/wp\/v2\/media\/353"}],"wp:attachment":[{"href":"https:\/\/www.honda.es\/hondadreams\/wp-json\/wp\/v2\/media?parent=338"}],"wp:term":[{"taxonomy":"category","embeddable":true,"href":"https:\/\/www.honda.es\/hondadreams\/wp-json\/wp\/v2\/categories?post=338"}],"curies":[{"name":"wp","href":"https:\/\/api.w.org\/{rel}","templated":true}]}}