{"id":3390,"date":"2014-07-04T15:04:01","date_gmt":"2014-07-04T13:04:01","guid":{"rendered":"https:\/\/www.hondadreams.es\/?p=3390"},"modified":"2017-12-11T20:57:05","modified_gmt":"2017-12-11T18:57:05","slug":"la-creatividad-de-honda-premiada-por-el-homenaje-a-ayrton-senna","status":"publish","type":"post","link":"https:\/\/www.honda.es\/hondadreams\/2014\/07\/04\/la-creatividad-de-honda-premiada-por-el-homenaje-a-ayrton-senna\/","title":{"rendered":"La creatividad de Honda premiada por el homenaje a Ayrton Senna"},"content":{"rendered":"<p style=\"text-align: justify;\">Honda ha sido galardonada con el \u00abGrand Prix\u00bb en la 61\u00aa edici\u00f3n del Festival Internacional de Publicidad Cannes Lion, un prestigioso evento dentro del mundo de la comunicaci\u00f3n y las relaciones p\u00fablicas. El merecedor de este premio ha sido el corto <a href=\"http:\/\/www.honda.co.jp\/internavi-dots\/dots-lab\/senna1989\/\"><i>The Sound of Honda \u2013Ayrton Senna 1989<\/i><\/a>, que ya en su d\u00eda compartimos con vosotros en este blog. La pel\u00edcula reproduce la legendaria vuelta de Senna al volante del McLaren Honda MP4 en el Campeonato Mundial de F1 de 1989 en el circuito de Suzuka (Jap\u00f3n), en aquel momento la vuelta m\u00e1s r\u00e1pida en un circuito de carreras. Este mismo corto fue <a href=\"http:\/\/www.dandad.org\/awards\/professional\/2014\/crafts-for-advertising\/22885\/sound-of-honda-ayrton-senna-1989\/\">premiado<\/a> hace unos meses en Reino Unido con el Black Pencil de la <em>D&amp;AD,<\/em> otro de los galardones publicitarios m\u00e1s codiciados.<\/p>\n<p style=\"text-align: justify;\"><a href=\"http:\/\/www.honda.co.jp\/internavi-dots\/dots-lab\/senna1989\/\">\u201cThe Sound of Honda \u2013Ayrton Senna 1989<\/a>\u201d forma parte del homenaje con el que Honda ha conmemorado el <a href=\"https:\/\/www.honda.es\/hondadreams\/2014\/05\/01\/20-anos-sin-ayrton-senna-homenaje-al-piloto-y-al-hombre\/\">aniversario<\/a> del fat\u00eddico accidente que acab\u00f3 con la vida del m\u00edtico piloto brasile\u00f1o. Bajo el t\u00edtulo <a href=\"https:\/\/www.honda.es\/hondadreams\/2013\/10\/29\/aplicacion-web-interactiva-para-la-historica-carrera-de-senna-en-1989\/\">\u201cAyrton Senna 1989\u2033<\/a> , el proyecto incluye tambi\u00e9n la aplicaci\u00f3n web interactiva <a href=\"http:\/\/www.honda.co.jp\/internavi-dots\/dots-lab\/senna1989\/\">3D-View<\/a> y la aplicaci\u00f3n para m\u00f3vil \u201c<a href=\"http:\/\/www.honda.co.jp\/internavi-dots\/soh\/\">Sound of Honda<\/a>\u201d, adem\u00e1s de la pel\u00edcula premiada.<\/p>\n<p style=\"text-align: justify;\">Las tres partes del proyecto han sido posibles gracias a los datos que fueron grabados durante la <a href=\"https:\/\/www.honda.es\/hondadreams\/2013\/08\/27\/el-sonido-de-honda-en-manos-de-ayrton-senna\/\">legendaria vuelta con un sistema telem\u00e9trico<\/a> instalado en el monoplaza. Honda combin\u00f3 historia y tecnolog\u00eda para ofrecernos la posibilidad de revivir un momento \u00e9pico del automovilismo. Los ingenieros trataron datos reales como el control del acelerador o la velocidad del motor y del veh\u00edculo para reproducir el sonido del motor tal y como lo debi\u00f3 escuchar Senna.<\/p>\n<p style=\"text-align: justify;\">El proyecto \u201cAyrton Senna 1989\u2033 se enmarca en un proyecto m\u00e1s amplio llamado \u201c<a href=\"http:\/\/www.honda.co.jp\/internavi-dots\/concept\/\">dots<\/a>\u201d (Design Our Transportation Story), con el que Honda estudia c\u00f3mo las personas nos relacionamos con los autom\u00f3viles. Y es que no hay mejor ejemplo de la alianza hombre-m\u00e1quina que la F1.<\/p>\n","protected":false},"excerpt":{"rendered":"<p>Honda ha sido galardonada con el \u00abGrand Prix\u00bb en la 61\u00aa edici\u00f3n del Festival Internacional&#8230;<\/p>\n","protected":false},"author":3,"featured_media":2259,"comment_status":"open","ping_status":"open","sticky":false,"template":"","format":"standard","meta":{"_acf_changed":false,"footnotes":""},"categories":[5,3,9],"class_list":["post-3390","post","type-post","status-publish","format-standard","has-post-thumbnail","hentry","category-competicion","category-innovacion","category-mundo-honda"],"acf":[],"_links":{"self":[{"href":"https:\/\/www.honda.es\/hondadreams\/wp-json\/wp\/v2\/posts\/3390","targetHints":{"allow":["GET"]}}],"collection":[{"href":"https:\/\/www.honda.es\/hondadreams\/wp-json\/wp\/v2\/posts"}],"about":[{"href":"https:\/\/www.honda.es\/hondadreams\/wp-json\/wp\/v2\/types\/post"}],"author":[{"embeddable":true,"href":"https:\/\/www.honda.es\/hondadreams\/wp-json\/wp\/v2\/users\/3"}],"replies":[{"embeddable":true,"href":"https:\/\/www.honda.es\/hondadreams\/wp-json\/wp\/v2\/comments?post=3390"}],"version-history":[{"count":1,"href":"https:\/\/www.honda.es\/hondadreams\/wp-json\/wp\/v2\/posts\/3390\/revisions"}],"predecessor-version":[{"id":3391,"href":"https:\/\/www.honda.es\/hondadreams\/wp-json\/wp\/v2\/posts\/3390\/revisions\/3391"}],"wp:featuredmedia":[{"embeddable":true,"href":"https:\/\/www.honda.es\/hondadreams\/wp-json\/wp\/v2\/media\/2259"}],"wp:attachment":[{"href":"https:\/\/www.honda.es\/hondadreams\/wp-json\/wp\/v2\/media?parent=3390"}],"wp:term":[{"taxonomy":"category","embeddable":true,"href":"https:\/\/www.honda.es\/hondadreams\/wp-json\/wp\/v2\/categories?post=3390"}],"curies":[{"name":"wp","href":"https:\/\/api.w.org\/{rel}","templated":true}]}}