{"id":3427,"date":"2014-07-16T13:00:50","date_gmt":"2014-07-16T11:00:50","guid":{"rendered":"https:\/\/www.hondadreams.es\/?p=3427"},"modified":"2017-12-11T20:57:04","modified_gmt":"2017-12-11T18:57:04","slug":"el-nuevo-asimo-pisa-europa-por-primera-vez","status":"publish","type":"post","link":"https:\/\/www.honda.es\/hondadreams\/2014\/07\/16\/el-nuevo-asimo-pisa-europa-por-primera-vez\/","title":{"rendered":"El nuevo ASIMO pisa Europa por primera vez"},"content":{"rendered":"<p style=\"text-align: justify;\">Es posible que al leer estas palabras <em>Advanced Step in Innovative Mobility<\/em> no reconozc\u00e1is de quien hablamos pero &#8230; \u00bfY si juntamos las iniciales y os decimos que hoy ha hecho su debut europeo en Bruselas la \u00faltima generaci\u00f3n de ASIMO, el robot humanoide de Honda?<\/p>\n<p style=\"text-align: justify;\">S\u00ed, as\u00ed es. Bruselas ha sido la ciudad elegida para acoger la presentaci\u00f3n a medios europeos del nuevo ASIMO, el robot humanoide m\u00e1s avanzado del mundo que, en esta \u00faltima versi\u00f3n, se presenta con una altura de 130 cent\u00edmetros, un peso de 50 kg y una velocidad m\u00e1xima de avance de 9 km\/h. De la mano del ingeniero jefe del proyecto ASIMO, Satoshi Shigemi, periodistas de toda Europa han podido conocer de primera mano la evoluci\u00f3n de este robot \u2012suma de los avances en tecnolog\u00edas rob\u00f3ticas que Honda ha desarrollado desde el a\u00f1o 1986\u2012, que se ha presentado al continente dotado de importantes mejoras en lo relativo a su sistema de inteligencia y habilidades f\u00edsicas.<\/p>\n<div id=\"attachment_3433\" style=\"width: 438px\" class=\"wp-caption aligncenter\"><img loading=\"lazy\" decoding=\"async\" aria-describedby=\"caption-attachment-3433\" class=\" wp-image-3433\" src=\"https:\/\/www.honda.es\/hondadreams\/wp-content\/uploads\/27694_All-New_ASIMO_Both_Feet_Off_the_Ground-600x478.jpg\" alt=\"El nuevo ASIMO incorpora avances en sus capacidades f\u00edsicas \" width=\"428\" height=\"341\" \/><p id=\"caption-attachment-3433\" class=\"wp-caption-text\">El nuevo ASIMO incorpora avances en sus capacidades f\u00edsicas<\/p><\/div>\n<p style=\"text-align: justify;\">Desde este blog y en varias ocasiones os hemos contado de ASIMO, de las tecnolog\u00edas rob\u00f3ticas desarrolladas por Honda y sus <a href=\"https:\/\/www.honda.es\/hondadreams\/2014\/01\/03\/de-la-robotica-de-honda-y-sus-aplicaciones\/\">aplicaciones<\/a> \u2012que se agrupan en la marca Honda Robotics\u2012 y de c\u00f3mo la Compa\u00f1\u00eda ha puesto al servicio de la sociedad su rob\u00f3tica, con casos como el <a href=\"https:\/\/www.honda.es\/hondadreams\/2014\/01\/09\/robotica-al-servicio-de-la-sociedad\/\">robot de inspecci\u00f3n en zonas elevadas<\/a> utilizado en la central nuclear de Fukushima.<\/p>\n<p style=\"text-align: justify;\">Hoy queremos explicaros los avances logrados por Honda en esta \u00faltima generaci\u00f3n de ASIMO, cada vez m\u00e1s cerca de crear un robot para el uso pr\u00e1ctico en entornos dom\u00e9sticos o all\u00ed donde se requiera asistencia.<\/p>\n<div id=\"attachment_3432\" style=\"width: 416px\" class=\"wp-caption aligncenter\"><img loading=\"lazy\" decoding=\"async\" aria-describedby=\"caption-attachment-3432\" class=\"wp-image-3432 size-medium\" src=\"https:\/\/www.honda.es\/hondadreams\/wp-content\/uploads\/27691_All-New_ASIMO_Opening_a_Bottle-406x600.jpg\" alt=\"27691_All-New_ASIMO_Opening_a_Bottle\" width=\"406\" height=\"600\" \/><p id=\"caption-attachment-3432\" class=\"wp-caption-text\">La \u00faltima generaci\u00f3n de ASIMO puede llevar a cabo tareas m\u00e1s complejas, como coger una botella de cristal y desenroscar el tap\u00f3n<\/p><\/div>\n<p style=\"text-align: justify;\">El nuevo ASIMO incorpora un nivel de inteligencia mejorado que le permite reconocer el rostro y la voz de diversas personas mientras hablan de forma simult\u00e1nea, as\u00ed como predecir la direcci\u00f3n de un individuo y tomar un rumbo alternativo para evitar de este modo una posible colisi\u00f3n. En cuanto a los avances en capacidad f\u00edsica y habilidades, ASIMO dispone de una mayor destreza en las manos \u2013podr\u00eda abrir una botella y serviros un vaso o expresarse con el lenguaje de signos- y es capaz de correr m\u00e1s r\u00e1pido, hacia adelante y hacia atr\u00e1s, y saltar, incluso con una sola pierna.<\/p>\n<div id=\"attachment_3431\" style=\"width: 419px\" class=\"wp-caption aligncenter\"><img loading=\"lazy\" decoding=\"async\" aria-describedby=\"caption-attachment-3431\" class=\"wp-image-3431\" src=\"https:\/\/www.honda.es\/hondadreams\/wp-content\/uploads\/27674_All-New_ASIMO_Kicking_a_Football-600x579.jpg\" alt=\"27674_All-New_ASIMO_Kicking_a_Football\" width=\"409\" height=\"395\" \/><p id=\"caption-attachment-3431\" class=\"wp-caption-text\">ASIMO es capaz de correr hacia adelante, hacia atr\u00e1s, saltar y subir escaleras<\/p><\/div>\n<p style=\"text-align: justify;\">Su aspecto f\u00edsico recuerda al robot ASIMO que pis\u00f3 suelo europeo por primera vez hace 11 a\u00f1os en Alemania, pero los avances tecnol\u00f3gicos y las nuevas capacidades que incorpora esta \u00faltima generaci\u00f3n suponen un gran paso para alcanzar el reto de Honda: desarrollar un robot con habilidades para tomar decisiones y adaptar su comportamiento al entorno que sea capaz de ayudar a personas con necesidades especiales.<\/p>\n<p style=\"text-align: justify;\">En el debut europeo de ASIMO, Honda ha presentado tambi\u00e9n en primicia para Europa el UNI-CUB \u03b2, un dispositivo el\u00e9ctrico de movilidad personal, dotado de una \u00fanica rueda y equipado con las \u00faltimas tecnolog\u00edas de control del equilibrio y conducci\u00f3n omni-direccional. Gracias al sistema de ruedas motrices omnidireccional y a la tecnolog\u00eda de control del equilibrio de Honda, permite al usuario desplazarse hacia delante, hacia atr\u00e1s, de un lado a otro y en sentido diagonal con solo inclinarse y dejar caer el peso del cuerpo en la direcci\u00f3n que desee.<\/p>\n<div id=\"attachment_3440\" style=\"width: 610px\" class=\"wp-caption aligncenter\"><img loading=\"lazy\" decoding=\"async\" aria-describedby=\"caption-attachment-3440\" class=\"wp-image-3440 size-medium\" src=\"https:\/\/www.honda.es\/hondadreams\/wp-content\/uploads\/UNICUB-600x398.jpg\" alt=\"UNICUB\" width=\"600\" height=\"398\" \/><p id=\"caption-attachment-3440\" class=\"wp-caption-text\">UNI-CUB \u03b2<\/p><\/div>\n<p style=\"text-align: justify;\">Presentado por primera vez en el pasado Sal\u00f3 de Tokio, el <a href=\"https:\/\/www.honda.es\/hondadreams\/2013\/12\/17\/honda-avanza-un-paso-mas-en-movilidad-personal-con-el-uni-cub-%CE%B2\/\">UNI-CUB \u03b2<\/a> es heredero de un concurso interno en el que los ingenieros propusieron dos ideas de dispositivos de movilidad para una \u00fanica persona.<\/p>\n<div id=\"attachment_3441\" style=\"width: 411px\" class=\"wp-caption aligncenter\"><img loading=\"lazy\" decoding=\"async\" aria-describedby=\"caption-attachment-3441\" class=\"wp-image-3441 size-medium\" src=\"https:\/\/www.honda.es\/hondadreams\/wp-content\/uploads\/27649_UNI-CUB_+\u00a6-401x600.jpg\" alt=\"27649_UNI-CUB_+\u00a6\" width=\"401\" height=\"600\" \/><p id=\"caption-attachment-3441\" class=\"wp-caption-text\">ASIMO &amp; UNI-CUB \u03b2<\/p><\/div>\n<p style=\"text-align: justify;\">En la cita europea de hoy mi\u00e9rcoles, los periodistas no s\u00f3lo han podido entrevistar a los ingenieros jefe responsables de ambos proyectos, tambi\u00e9n se han atrevido a deslizarse con el UNI CUB \u03b2 y han experimentado en primera persona la interacci\u00f3n con el robot humanoide m\u00e1s avanzado del mundo. Europa ya ha dado la bienvenida a la \u00faltima generaci\u00f3n de ASIMO.<\/p>\n","protected":false},"excerpt":{"rendered":"<p>Es posible que al leer estas palabras Advanced Step in Innovative Mobility no reconozc\u00e1is de&#8230;<\/p>\n","protected":false},"author":3,"featured_media":3430,"comment_status":"open","ping_status":"open","sticky":false,"template":"","format":"standard","meta":{"_acf_changed":false,"footnotes":""},"categories":[3,9],"class_list":["post-3427","post","type-post","status-publish","format-standard","has-post-thumbnail","hentry","category-innovacion","category-mundo-honda"],"acf":[],"_links":{"self":[{"href":"https:\/\/www.honda.es\/hondadreams\/wp-json\/wp\/v2\/posts\/3427","targetHints":{"allow":["GET"]}}],"collection":[{"href":"https:\/\/www.honda.es\/hondadreams\/wp-json\/wp\/v2\/posts"}],"about":[{"href":"https:\/\/www.honda.es\/hondadreams\/wp-json\/wp\/v2\/types\/post"}],"author":[{"embeddable":true,"href":"https:\/\/www.honda.es\/hondadreams\/wp-json\/wp\/v2\/users\/3"}],"replies":[{"embeddable":true,"href":"https:\/\/www.honda.es\/hondadreams\/wp-json\/wp\/v2\/comments?post=3427"}],"version-history":[{"count":4,"href":"https:\/\/www.honda.es\/hondadreams\/wp-json\/wp\/v2\/posts\/3427\/revisions"}],"predecessor-version":[{"id":3443,"href":"https:\/\/www.honda.es\/hondadreams\/wp-json\/wp\/v2\/posts\/3427\/revisions\/3443"}],"wp:featuredmedia":[{"embeddable":true,"href":"https:\/\/www.honda.es\/hondadreams\/wp-json\/wp\/v2\/media\/3430"}],"wp:attachment":[{"href":"https:\/\/www.honda.es\/hondadreams\/wp-json\/wp\/v2\/media?parent=3427"}],"wp:term":[{"taxonomy":"category","embeddable":true,"href":"https:\/\/www.honda.es\/hondadreams\/wp-json\/wp\/v2\/categories?post=3427"}],"curies":[{"name":"wp","href":"https:\/\/api.w.org\/{rel}","templated":true}]}}