{"id":3470,"date":"2014-07-18T10:58:31","date_gmt":"2014-07-18T08:58:31","guid":{"rendered":"https:\/\/www.hondadreams.es\/?p=3470"},"modified":"2017-12-11T20:57:04","modified_gmt":"2017-12-11T18:57:04","slug":"asimo-presume-de-movilidad-e-inteligencia-artificial-en-bruselas","status":"publish","type":"post","link":"https:\/\/www.honda.es\/hondadreams\/2014\/07\/18\/asimo-presume-de-movilidad-e-inteligencia-artificial-en-bruselas\/","title":{"rendered":"ASIMO presume de movilidad e inteligencia artificial en Bruselas"},"content":{"rendered":"<p style=\"text-align: justify;\">Esta semana Honda ha presentado ante los medios europeos, en rueda de prensa, demostraciones y entrevistas, fotograf\u00edas y tomas de contacto directo con la rob\u00f3tica de Honda, la nueva generaci\u00f3n de <a href=\"https:\/\/www.honda.es\/hondadreams\/2014\/07\/16\/el-nuevo-asimo-pisa-europa-por-primera-vez\/\">ASIMO<\/a> y el dispositivo de movilidad personal <a href=\"https:\/\/www.honda.es\/hondadreams\/2013\/12\/17\/honda-avanza-un-paso-mas-en-movilidad-personal-con-el-uni-cub-\u03b2\/\">UNI-CUB \u03b2<\/a>.<\/p>\n<p style=\"text-align: justify;\">El mi\u00e9rcoles ya os contamos cu\u00e1les eran los principales avances de ASIMO en lo relativo a capacidades intelectual, f\u00edsica y realizaci\u00f3n de tareas complejas. Hoy, queremos compartir este video que resume los logros del nuevo ASIMO porque nada mejor que im\u00e1genes para hacer evidente estos avances.<\/p>\n<p style=\"text-align: justify;\">El nuevo ASIMO representa casi tres d\u00e9cadas de investigaci\u00f3n dedicadas a la rob\u00f3tica humanoide y uno de los mayores orgullos de la Compa\u00f1\u00eda en t\u00e9rminos de I+D. \u00abNuestra visi\u00f3n es crear un robot que realmente pueda ayudar a la gente, interactuar con ellos en su vida cotidiana\u00bb, explica en el v\u00eddeo Vikki Hood, Responsable de Comunicaci\u00f3n Corporativa de Honda Motor Europe. Esto es, ASIMO aspira a ser un robot para el uso pr\u00e1ctico en entornos dom\u00e9sticos, que pueda asistir a las personas con necesidades especiales.<\/p>\n<p style=\"text-align: justify;\">En el v\u00eddeo podemos ver a ASIMO demostrando sus habilidades con ese encanto rob\u00f3tico, medio humano medio m\u00e1quina y entra\u00f1able, al que nos tiene acostumbrados. Ya es capaz de correr a 9 km\/h, la velocidad m\u00e1s r\u00e1pida para un robot humanoide. Puede caminar en superficies inestables e incluso saltar y avanzar a la pata coja o chutar una pelota.<\/p>\n<p style=\"text-align: justify;\">Satoshi Shigemi, ingeniero jefe al frente del equipo de desarrollo del nuevo ASIMO, recuerda que \u00abaunque el nuevo ASIMO parece el mismo, es una m\u00e1quina completamente diferente. Ha evolucionado de una <em>m\u00e1quina autom\u00e1tica <\/em>a una <em>m\u00e1quina aut\u00f3noma<\/em>, lo que quiere decir que tiene capacidad de toma de decisiones que le permiten adaptar su comportamiento al entorno en cada momento\u00bb.<\/p>\n<p style=\"text-align: justify;\">Y es que su nivel de inteligencia tambi\u00e9n ha mejorado significativamente. Gracias a su mayor destreza con las manos, completamente articuladas, ASIMO es capaz de realizar tareas mec\u00e1nicamente complejas como desenroscar el tap\u00f3n de una botella y verter el l\u00edquido en un vaso, que sujeta con la otra mano sin estrujarlo. Por otra parte, el robot de Honda ya puede reconocer el rostro y la voz de tres personas hablando simult\u00e1neamente e incluso ha aprendido las lenguas de signos japonesa y americana.<\/p>\n<p style=\"text-align: justify;\">Uno de los objetivos de la divisi\u00f3n de I+D de Honda es la aplicaci\u00f3n de las tecnolog\u00edas rob\u00f3ticas desarrolladas para ASIMO a otros dispositivos. Ejemplo de esto son el dispositivo de asistencia para personas que tienen problemas para caminar<em> (<\/em><a href=\"https:\/\/www.honda.es\/hondadreams\/2013\/05\/31\/honda-innova-en-movilidad-humana-con-el-walking-assist-device\/\"><em>Walking Assist Device<\/em><\/a><em>), <\/em>las m\u00e1quinas de MotoGP o el dispositivo de movilidad personal <a href=\"https:\/\/www.honda.es\/hondadreams\/2013\/12\/17\/honda-avanza-un-paso-mas-en-movilidad-personal-con-el-uni-cub-\u03b2\/\"><em>UNI-CUB \u03b2<\/em><\/a><em>,<\/em> que se ha presentado en Europa junto al nuevo ASIMO.<\/p>\n<p style=\"text-align: justify;\">Shinichiro Kobashi, ingeniero jefe al frente del equipo de desarrollo del UNI-CUB \u03b2, destaca en el v\u00eddeo que se trata del \u201cprimer dispositivo en el mundo con un sistema de ruedas omnidireccional (Honda Omni Traction Drive System), que permite al usuario disfrutar de la misma libertad de movimiento que tiene una persona cuando camina: puede desplazarse adelante, atr\u00e1s, lateralmente o en diagonal\u201d.<\/p>\n<p style=\"text-align: justify;\">Para terminar, Hood resume la visi\u00f3n de Honda: \u201cQueremos que nuestra tecnolog\u00eda rob\u00f3tica establezca las bases de la movilidad del futuro. Tenemos un largo camino por delante, pero creemos realmente que, en el futuro, los robots ser\u00e1n parte de nuestra vida cotidiana\u201d. \u00a1ASIMO ya hace a\u00f1os que est\u00e1 entre nosotros!<\/p>\n","protected":false},"excerpt":{"rendered":"<p>Esta semana Honda ha presentado ante los medios europeos, en rueda de prensa, demostraciones y&#8230;<\/p>\n","protected":false},"author":3,"featured_media":3467,"comment_status":"open","ping_status":"open","sticky":false,"template":"","format":"video","meta":{"_acf_changed":false,"footnotes":""},"categories":[3,9],"class_list":["post-3470","post","type-post","status-publish","format-video","has-post-thumbnail","hentry","category-innovacion","category-mundo-honda","post_format-post-format-video"],"acf":[],"_links":{"self":[{"href":"https:\/\/www.honda.es\/hondadreams\/wp-json\/wp\/v2\/posts\/3470","targetHints":{"allow":["GET"]}}],"collection":[{"href":"https:\/\/www.honda.es\/hondadreams\/wp-json\/wp\/v2\/posts"}],"about":[{"href":"https:\/\/www.honda.es\/hondadreams\/wp-json\/wp\/v2\/types\/post"}],"author":[{"embeddable":true,"href":"https:\/\/www.honda.es\/hondadreams\/wp-json\/wp\/v2\/users\/3"}],"replies":[{"embeddable":true,"href":"https:\/\/www.honda.es\/hondadreams\/wp-json\/wp\/v2\/comments?post=3470"}],"version-history":[{"count":1,"href":"https:\/\/www.honda.es\/hondadreams\/wp-json\/wp\/v2\/posts\/3470\/revisions"}],"predecessor-version":[{"id":3471,"href":"https:\/\/www.honda.es\/hondadreams\/wp-json\/wp\/v2\/posts\/3470\/revisions\/3471"}],"wp:featuredmedia":[{"embeddable":true,"href":"https:\/\/www.honda.es\/hondadreams\/wp-json\/wp\/v2\/media\/3467"}],"wp:attachment":[{"href":"https:\/\/www.honda.es\/hondadreams\/wp-json\/wp\/v2\/media?parent=3470"}],"wp:term":[{"taxonomy":"category","embeddable":true,"href":"https:\/\/www.honda.es\/hondadreams\/wp-json\/wp\/v2\/categories?post=3470"}],"curies":[{"name":"wp","href":"https:\/\/api.w.org\/{rel}","templated":true}]}}