{"id":3566,"date":"2014-08-27T13:02:46","date_gmt":"2014-08-27T11:02:46","guid":{"rendered":"https:\/\/www.hondadreams.es\/?p=3566"},"modified":"2016-09-07T11:51:15","modified_gmt":"2016-09-07T09:51:15","slug":"honda-cr-v-exito-global","status":"publish","type":"post","link":"https:\/\/www.honda.es\/hondadreams\/2014\/08\/27\/honda-cr-v-exito-global\/","title":{"rendered":"Honda CR-V, \u00e9xito global"},"content":{"rendered":"<p>En Honda conocemos nuestros productos, sabemos que entre nuestros clientes gozan de una gran popularidad, que se cuentan en miles los fans de la marca y que el Honda CR-V no es una excepci\u00f3n. As\u00ed lo confirman las cifras reci\u00e9n publicadas por la consultora de mercado global automovil\u00edstico Focus2Move, que indican que <strong>el CR-V fue el SUV m\u00e1s vendido del mundo durante el primer trimestre de 2014<\/strong>, con unas ventas mundiales de 165.017 unidades.<\/p>\n<p>Atendiendo a un an\u00e1lisis m\u00e1s detallado podr\u00eda ser que el CR-V cosechara \u00e9xitos similares para el segundo trimestre de 2014, ya que se ha mantenido como el SUV m\u00e1s popular del mercado tambi\u00e9n en el mes de mayo y se coloca en la octava posici\u00f3n de los modelos m\u00e1s vendidos en dicho mes. En la lista de los 50 modelos m\u00e1s vendidos del mundo, el Honda CR-V se sit\u00faa en la novena posici\u00f3n seg\u00fan los datos del trimestre, por encima de competidores como el Toyota RAV4, el Volkswagen Tiguan y el Nissan Qashqai.<\/p>\n<p>El \u00e9xito global del Honda CR-V alcanza tambi\u00e9n al continente europeo, con un muy positivo comportamiento en las ventas, gracias sobre todo a la introducci\u00f3n, a finales de 2013, del motor diesel 1.6 i-DTEC. Tecnolog\u00eda de alto rendimiento y bajo impacto medioambiental \u2212300Nm de par y 120CV, bajo consumo de combustible (4,5l\/100km) y emisiones de CO<sub>2 <\/sub>de s\u00f3lo 119g\/km\u2212 dieron respuesta a las expectativas y demandas espec\u00edficas de unos consumidores cada vez m\u00e1s preocupados por la eficiencia en el consumo y el respeto al medio ambiente. Y las cifras as\u00ed lo prueban.<\/p>\n<p><strong>Durante el primer trimestre del a\u00f1o, el CR-V tambi\u00e9n ha sido el SUV m\u00e1s vendido de la regi\u00f3n europea<\/strong> y de enero a junio Honda ha comercializado en Europa 34.000 unidades del Honda CR-V. En cuanto a Espa\u00f1a, las 2.465 unidades vendidas durante el primer semestre de 2014 convierten al CR-V en el SUV de mayor crecimiento del mercado respecto al mismo periodo del a\u00f1o anterior.<\/p>\n<p>Honda siempre ha trabajado con el CR-V para combinar los mejores elementos de un turismo y de un SUV, no en vano ha llegado ya a la cuarta generaci\u00f3n de uno de sus modelos cl\u00e1sicos que, con el 1.6 i-DTEC, dio un paso adelante, logrando un equilibrio perfecto entre la eficiencia de un turismo y la seguridad y funcionalidad de un SUV, a la par que ofreciendo una excelente conducci\u00f3n. \u00a1Gracias globales!<\/p>\n<p>&nbsp;<\/p>\n","protected":false},"excerpt":{"rendered":"<p>En Honda conocemos nuestros productos, sabemos que entre nuestros clientes gozan de una gran popularidad,&#8230;<\/p>\n","protected":false},"author":3,"featured_media":3231,"comment_status":"open","ping_status":"open","sticky":false,"template":"","format":"standard","meta":{"_acf_changed":false,"footnotes":""},"categories":[9],"class_list":["post-3566","post","type-post","status-publish","format-standard","has-post-thumbnail","hentry","category-mundo-honda"],"acf":[],"_links":{"self":[{"href":"https:\/\/www.honda.es\/hondadreams\/wp-json\/wp\/v2\/posts\/3566","targetHints":{"allow":["GET"]}}],"collection":[{"href":"https:\/\/www.honda.es\/hondadreams\/wp-json\/wp\/v2\/posts"}],"about":[{"href":"https:\/\/www.honda.es\/hondadreams\/wp-json\/wp\/v2\/types\/post"}],"author":[{"embeddable":true,"href":"https:\/\/www.honda.es\/hondadreams\/wp-json\/wp\/v2\/users\/3"}],"replies":[{"embeddable":true,"href":"https:\/\/www.honda.es\/hondadreams\/wp-json\/wp\/v2\/comments?post=3566"}],"version-history":[{"count":2,"href":"https:\/\/www.honda.es\/hondadreams\/wp-json\/wp\/v2\/posts\/3566\/revisions"}],"predecessor-version":[{"id":3568,"href":"https:\/\/www.honda.es\/hondadreams\/wp-json\/wp\/v2\/posts\/3566\/revisions\/3568"}],"wp:featuredmedia":[{"embeddable":true,"href":"https:\/\/www.honda.es\/hondadreams\/wp-json\/wp\/v2\/media\/3231"}],"wp:attachment":[{"href":"https:\/\/www.honda.es\/hondadreams\/wp-json\/wp\/v2\/media?parent=3566"}],"wp:term":[{"taxonomy":"category","embeddable":true,"href":"https:\/\/www.honda.es\/hondadreams\/wp-json\/wp\/v2\/categories?post=3566"}],"curies":[{"name":"wp","href":"https:\/\/api.w.org\/{rel}","templated":true}]}}