{"id":3613,"date":"2014-09-17T10:38:18","date_gmt":"2014-09-17T08:38:18","guid":{"rendered":"https:\/\/www.hondadreams.es\/?p=3613"},"modified":"2017-12-11T20:56:01","modified_gmt":"2017-12-11T18:56:01","slug":"nuevo-honda-jazz-en-paris-proximas-revelaciones","status":"publish","type":"post","link":"https:\/\/www.honda.es\/hondadreams\/2014\/09\/17\/nuevo-honda-jazz-en-paris-proximas-revelaciones\/","title":{"rendered":"Nuevo Honda Jazz en Par\u00eds, pr\u00f3ximas revelaciones"},"content":{"rendered":"<p style=\"text-align: justify;\">Si la semana pasada Honda animaba la espera para el pr\u00f3ximo Sal\u00f3n del Autom\u00f3vil de Par\u00eds con las primeras im\u00e1genes del <a href=\"https:\/\/www.honda.es\/hondadreams\/2014\/09\/10\/en-europa-sera-hr-v-el-nuevo-suv-compacto-de-honda\/\" target=\"_blank\">nuevo SUV compacto<\/a> de la Compa\u00f1\u00eda para Europa \u2012cuyo nombre en el continente ser\u00e1 HR-V\u2012, hoy lo ha hecho con las <strong>primeras fotograf\u00edas del prototipo del nuevo Jazz<\/strong> <strong>para el mercado europeo<\/strong>, que tambi\u00e9n presentar\u00e1 en Par\u00eds y cuya venta est\u00e1 prevista para el verano de 2015.<\/p>\n<p style=\"text-align: justify;\">La tercera generaci\u00f3n del Jazz, el vers\u00e1til modelo con el que Honda juega en el segmento B del autom\u00f3vil, se fabricar\u00e1 tomando como base la plataforma compacta global de la Compa\u00f1\u00eda. Siguiendo el ejemplo del Civic y el reci\u00e9n anunciado HR-V, el dep\u00f3sito de combustible se configurar\u00e1 en posici\u00f3n central, una disposici\u00f3n que ofrece mayor practicidad y comodidad en el interior, adem\u00e1s de incrementar la capacidad de carga del autom\u00f3vil.<\/p>\n<p style=\"text-align: justify;\">Las primeras im\u00e1genes brindadas por Honda muestran un prototipo con una carrocer\u00eda completamente nueva, dotada de un dise\u00f1o elegante y moderno y con unas dimensiones exteriores algo mayores que en la actual versi\u00f3n, incrementado en 15 mil\u00edmetros la longitud y en 30 mm la distancia entre ejes.<\/p>\n<p style=\"text-align: justify;\">Siguiendo la filosof\u00eda medioambiental de la Compa\u00f1\u00eda y el compromiso de alcanzar unos niveles de ahorro de combustible l\u00edderes en cada uno de los segmentos en que compiten los autom\u00f3viles de Honda, el nuevo Jazz estar\u00e1 equipado con un motor de la serie Earth Dreams Technology. Un motor 1.3 litros i-VTEC que podr\u00e1 equiparse con una transmisi\u00f3n manual de seis velocidades o con una transmisi\u00f3n CVT. Todo ello con la promesa de una experiencia de conducci\u00f3n c\u00f3moda y refinada gracias a un nuevo sistema de suspensi\u00f3n que mejorar\u00e1 el viaje tanto para el conductor como los pasajeros.<\/p>\n<p style=\"text-align: justify;\">\u00bfLos detalles? El pr\u00f3ximo 2 de octubre, en el Sal\u00f3n de Par\u00eds.<img loading=\"lazy\" decoding=\"async\" class=\"aligncenter size-medium wp-image-3618\" src=\"https:\/\/www.honda.es\/hondadreams\/wp-content\/uploads\/Honda-Jazz-Low-R-II-600x400.jpg\" alt=\"Portugal\" width=\"600\" height=\"400\" \/><\/p>\n<p style=\"text-align: justify;\">\n","protected":false},"excerpt":{"rendered":"<p>Si la semana pasada Honda animaba la espera para el pr\u00f3ximo Sal\u00f3n del Autom\u00f3vil de&#8230;<\/p>\n","protected":false},"author":3,"featured_media":3616,"comment_status":"open","ping_status":"open","sticky":false,"template":"","format":"standard","meta":{"_acf_changed":false,"footnotes":""},"categories":[3,9],"class_list":["post-3613","post","type-post","status-publish","format-standard","has-post-thumbnail","hentry","category-innovacion","category-mundo-honda"],"acf":[],"_links":{"self":[{"href":"https:\/\/www.honda.es\/hondadreams\/wp-json\/wp\/v2\/posts\/3613","targetHints":{"allow":["GET"]}}],"collection":[{"href":"https:\/\/www.honda.es\/hondadreams\/wp-json\/wp\/v2\/posts"}],"about":[{"href":"https:\/\/www.honda.es\/hondadreams\/wp-json\/wp\/v2\/types\/post"}],"author":[{"embeddable":true,"href":"https:\/\/www.honda.es\/hondadreams\/wp-json\/wp\/v2\/users\/3"}],"replies":[{"embeddable":true,"href":"https:\/\/www.honda.es\/hondadreams\/wp-json\/wp\/v2\/comments?post=3613"}],"version-history":[{"count":4,"href":"https:\/\/www.honda.es\/hondadreams\/wp-json\/wp\/v2\/posts\/3613\/revisions"}],"predecessor-version":[{"id":3620,"href":"https:\/\/www.honda.es\/hondadreams\/wp-json\/wp\/v2\/posts\/3613\/revisions\/3620"}],"wp:featuredmedia":[{"embeddable":true,"href":"https:\/\/www.honda.es\/hondadreams\/wp-json\/wp\/v2\/media\/3616"}],"wp:attachment":[{"href":"https:\/\/www.honda.es\/hondadreams\/wp-json\/wp\/v2\/media?parent=3613"}],"wp:term":[{"taxonomy":"category","embeddable":true,"href":"https:\/\/www.honda.es\/hondadreams\/wp-json\/wp\/v2\/categories?post=3613"}],"curies":[{"name":"wp","href":"https:\/\/api.w.org\/{rel}","templated":true}]}}