{"id":372,"date":"2013-02-27T14:59:39","date_gmt":"2013-02-27T14:59:39","guid":{"rendered":"https:\/\/www.hondadreams.es\/?p=372"},"modified":"2017-12-11T20:57:59","modified_gmt":"2017-12-11T18:57:59","slug":"sala-puigverd-y-honda-firman-el-convenio-de-colaboracion","status":"publish","type":"post","link":"https:\/\/www.honda.es\/hondadreams\/2013\/02\/27\/sala-puigverd-y-honda-firman-el-convenio-de-colaboracion\/","title":{"rendered":"Sala Puigverd y Honda firman el convenio de colaboraci\u00f3n"},"content":{"rendered":"<p>La colaboraci\u00f3n entre Honda y la asociaci\u00f3n Sala Puigverd se sell\u00f3 ayer con la firma del convenio entre ambas organizaciones y un acto dedicado a todas las personas que han hecho posible cerrar con \u00e9xito la iniciativa <em>Tu Proyecto, Nuestro Proyecto<\/em> y, en concreto, a las que forman parte del proyecto Sala Puigverd, ganadora del concurso de proyectos sociales lanzado por Honda Motor Europe Espa\u00f1a.<\/p>\n<p>En un acto celebrado en el Ayuntamiento de Castellar del Vall\u00e8s \u2013y en presencia del alcalde, Ignasi Gim\u00e9nez, la concejal de Servicios Sociales y Salud, Gl\u00f2ria Massagu\u00e9, y las familias, voluntarios y profesionales de la asociaci\u00f3n\u2013, el presidente de Honda Motor Europe Espa\u00f1a, Marc Serruya, y la presidenta de Sala Puigverd, Marta Prat, firmaron el convenio de colaboraci\u00f3n entre ambas partes. Dicha firma permitir\u00e1 implementar la donaci\u00f3n de hasta 25.000 euros que realiza Honda a Sala Puigverd como premio.<\/p>\n<p>Marc Serruya, que en una visita previa pudo conocer las instalaciones de la asociaci\u00f3n, quiso destacar la acogida de <em>Tu Proyecto, Nuestro Proyecto<\/em> y el compromiso de todos los participantes en la iniciativa, acorde con la filosof\u00eda de Honda, contribuir a un mundo m\u00e1s solidario, sostenible y que mejore el bienestar de las personas.<\/p>\n<p>Durante el acto y en un ambiente distendido y optimista, Marc Serruya, presidente de Honda Motor Europe Espa\u00f1a, enfatiz\u00f3 la labor que realizan todos los profesionales y voluntarios de la asociaci\u00f3n. \u201cPara vosotros, los miembros de <a href=\"http:\/\/youtu.be\/ooGwHaBy4fY\" target=\"_blank\">Sala Puigverd<\/a>, esta experiencia ser\u00e1 algo cotidiano, vuestro d\u00eda a d\u00eda. Para nosotros es y ha sido toda una lecci\u00f3n de dedicaci\u00f3n y responsabilidad. Es un orgullo aportar nuestro grano de arena en el funcionamiento del proyecto\u201d, manifest\u00f3 Serruya.<\/p>\n<p>Por su parte, Marta Prat, presidenta de la asociaci\u00f3n Sala Puigverd, comparti\u00f3 el premio \u201ccon todas las familias que forman parte del proyecto y tambi\u00e9n con Castellar del Vall\u00e8s, porque ha sido gracias a la suma de todos que se mantiene este trabajo de hormiga que realizamos d\u00eda a d\u00eda\u201d.\u00a0 Mientras que el alcalde del municipio, Ignasi Gim\u00e9nez, cerr\u00f3 el acto destacando el futuro de la asociaci\u00f3n. \u201cEste reconocimiento prueba que, al margen de los 23 a\u00f1os de trabajo que acumula la asociaci\u00f3n, quedan muchos proyectos por delante y mucho camino por recorrer\u201d, afirm\u00f3 Gim\u00e9nez.<\/p>\n<div id=\"attachment_373\" style=\"width: 610px\" class=\"wp-caption aligncenter\"><a href=\"https:\/\/www.honda.es\/hondadreams\/wp-content\/uploads\/HONDA-CASTELLAR-DEL-VALLES-05.jpg\"><img loading=\"lazy\" decoding=\"async\" aria-describedby=\"caption-attachment-373\" class=\"size-medium wp-image-373 \" alt=\"Instalaciones de la asociaci\u00f3n Sala Puigverd\" src=\"https:\/\/www.honda.es\/hondadreams\/wp-content\/uploads\/HONDA-CASTELLAR-DEL-VALLES-05-600x400.jpg\" width=\"600\" height=\"400\" \/><\/a><p id=\"caption-attachment-373\" class=\"wp-caption-text\">Instalaciones de la asociaci\u00f3n Sala Puigverd, situada en Castellar del Vall\u00e8s<\/p><\/div>\n<p>&nbsp;<\/p>\n","protected":false},"excerpt":{"rendered":"<p>La colaboraci\u00f3n entre Honda y la asociaci\u00f3n Sala Puigverd se sell\u00f3 ayer con la firma&#8230;<\/p>\n","protected":false},"author":3,"featured_media":374,"comment_status":"open","ping_status":"open","sticky":false,"template":"","format":"standard","meta":{"_acf_changed":false,"footnotes":""},"categories":[9,11,10],"class_list":["post-372","post","type-post","status-publish","format-standard","has-post-thumbnail","hentry","category-mundo-honda","category-novedades","category-rsc"],"acf":[],"_links":{"self":[{"href":"https:\/\/www.honda.es\/hondadreams\/wp-json\/wp\/v2\/posts\/372","targetHints":{"allow":["GET"]}}],"collection":[{"href":"https:\/\/www.honda.es\/hondadreams\/wp-json\/wp\/v2\/posts"}],"about":[{"href":"https:\/\/www.honda.es\/hondadreams\/wp-json\/wp\/v2\/types\/post"}],"author":[{"embeddable":true,"href":"https:\/\/www.honda.es\/hondadreams\/wp-json\/wp\/v2\/users\/3"}],"replies":[{"embeddable":true,"href":"https:\/\/www.honda.es\/hondadreams\/wp-json\/wp\/v2\/comments?post=372"}],"version-history":[{"count":6,"href":"https:\/\/www.honda.es\/hondadreams\/wp-json\/wp\/v2\/posts\/372\/revisions"}],"predecessor-version":[{"id":376,"href":"https:\/\/www.honda.es\/hondadreams\/wp-json\/wp\/v2\/posts\/372\/revisions\/376"}],"wp:featuredmedia":[{"embeddable":true,"href":"https:\/\/www.honda.es\/hondadreams\/wp-json\/wp\/v2\/media\/374"}],"wp:attachment":[{"href":"https:\/\/www.honda.es\/hondadreams\/wp-json\/wp\/v2\/media?parent=372"}],"wp:term":[{"taxonomy":"category","embeddable":true,"href":"https:\/\/www.honda.es\/hondadreams\/wp-json\/wp\/v2\/categories?post=372"}],"curies":[{"name":"wp","href":"https:\/\/api.w.org\/{rel}","templated":true}]}}