{"id":3958,"date":"2014-12-05T10:44:27","date_gmt":"2014-12-05T08:44:27","guid":{"rendered":"https:\/\/www.hondadreams.es\/?p=3958"},"modified":"2014-12-05T10:44:27","modified_gmt":"2014-12-05T08:44:27","slug":"una-explosion-de-ilusion-otro-relato-de-tu-proyecto-nuestro-proyecto","status":"publish","type":"post","link":"https:\/\/www.honda.es\/hondadreams\/2014\/12\/05\/una-explosion-de-ilusion-otro-relato-de-tu-proyecto-nuestro-proyecto\/","title":{"rendered":"\u201cUna explosi\u00f3n de ilusi\u00f3n\u201d, otro relato de Tu Proyecto, Nuestro proyecto"},"content":{"rendered":"<p style=\"text-align: justify;\">Hoy volvemos con un nuevo v\u00eddeo para tratar de inspirarte y dar a conocer al ganador de la primera edici\u00f3n de <em>Tu Proyecto, Nuestro Proyecto, <\/em>la Asociaci\u00f3n Sala Puigverd, una entidad cuya presidenta insiste en definir \u201ccomo muy peque\u00f1ita y que hace un trabajo de hormiga\u201d, aunque en Honda no creemos en lo peque\u00f1o o grande de un sue\u00f1o, simplemente los perseguimos e intentamos hacerlos realidad.<\/p>\n<p style=\"text-align: justify;\">Esta asociaci\u00f3n de Castellar del Vall\u00e8s (Catalunya) fue el proyecto ganador en 2012, presentado por el cliente Honda Juan Molero. Dedicada a la neurorehabilitaci\u00f3n pedi\u00e1trica, Sala Puigverd lleva m\u00e1s de dos d\u00e9cadas acompa\u00f1ando a las familias y ni\u00f1os y ni\u00f1as con el objetivo de aportarles conocimiento t\u00e9cnico especializado para hacer m\u00e1s f\u00e1cil su d\u00eda a d\u00eda e incrementar su autonom\u00eda.<\/p>\n<p style=\"text-align: justify;\">Escuchar a Marta Prat, presidenta de Sala Puigverd, y a todos quienes forman parte de la asociaci\u00f3n contagia ilusi\u00f3n y transmite un firme compromiso. Por el modo en el que hablan del trabajo de la asociaci\u00f3n, por c\u00f3mo trabajan con los peque\u00f1os, por el modo en que comparten con madres y padres, por c\u00f3mo apuestan por las peque\u00f1as cosas que se hacen inmensas. <strong><em>\u00bfQu\u00e9 sentisteis al saber que erais la propuesta ganadora? <\/em><\/strong>\u201c\u00a1Una explosi\u00f3n de ilusi\u00f3n!\u201d. As\u00ed define el momento en que una llamada de tel\u00e9fono les comunic\u00f3 que su proyecto era el ganador de la primera iniciativa de Responsabilidad Corporativa de Honda <em>Tu Proyecto, Nuestro proyecto<\/em>.<\/p>\n<p style=\"text-align: justify;\">Marta Prat cuenta como una ma\u00f1ana alguien dijo en la Sala que hab\u00eda encontrado esa convocatoria, que un cliente Honda apostaba por su proyecto y que, a partir de all\u00ed, todo el proceso de difusi\u00f3n y obtenci\u00f3n de votos fue una \u201cuna incre\u00edble estrategia orquestada con todo el pueblo\u201d. \u201cCada familia se comprometi\u00f3 a pasar por correo informaci\u00f3n acerca de nuestra propuesta a 10 amigos \u00edntimos, con la intenci\u00f3n de que \u00e9stos la votaran y, a su vez, la enviaran tambi\u00e9n a otros 10 amigos y \u00e9stos diez a otros diez y as\u00ed en cadena\u201d.<\/p>\n<p style=\"text-align: justify;\">Como ya os explic\u00e1bamos hace unos d\u00edas, si algo recuerdan los ganadores es la experiencia de movilizaci\u00f3n para lograr votos. <strong><em>\u00bfC\u00f3mo lo vivieron desde Sala Puigverd? \u201c<\/em><\/strong>Fuimos de los \u00faltimos participantes en inscribir el proyecto as\u00ed que lo apostamos todo por lograr el mayor n\u00famero de votos\u201d, algo que demuestra que la capacidad de movilizaci\u00f3n y captaci\u00f3n de votos no est\u00e1 relacionada con la fecha de presentaci\u00f3n del proyecto. \u201cAdem\u00e1s de las cadenas de mails, tambi\u00e9n pasamos por escuelas e institutos para explicarlo y lograr que alumnos, madres y padres y maestros se unieran y nos votaran. Organizamos turnos por institutos, escuelas y clases y salimos a la calle con port\u00e1tiles para facilitar que todo aquel que quisiera pudiera votar. Fue una experiencia muy intensa, emocionante, incre\u00edble\u2026\u201d recuerda Marta Prat.<\/p>\n<p style=\"text-align: justify;\"><strong><em>\u00bfEl resultado?<\/em><\/strong> Situarse entre los 10 finalistas y ser seleccionados por el jurado, finalmente, como ganadores, logrando una dotaci\u00f3n econ\u00f3mica de 25.000 euros con los que siguieron realizando su labor, acompa\u00f1ando a ni\u00f1os y ni\u00f1as y familias y entorno en su d\u00eda a d\u00eda. <strong><em>\u00bfDe qu\u00e9 manera? \u00bfEn qu\u00e9 consiste la actividad desarrollada por Sala Puigverd?<\/em><\/strong> Marta Prat nos lo explica: \u201cAtendemos a familias con ni\u00f1os y ni\u00f1as que tienen necesidades especiales a nivel motriz de origen neurol\u00f3gico. Nuestro plan de trabajo se basa en conocer los deseos de aprendizaje y juego del ni\u00f1o y las necesidades de las familias respecto a su hijo, para bajo el criterio profesional de Sala Puigverd definir la rutina de trabajo con cada uno de ellos. Que siempre ser\u00e1 distinta en cada caso, teniendo un \u00fanico elemento en com\u00fan: que siempre trabajamos en el entorno natural del ni\u00f1o\u201d.<\/p>\n<p style=\"text-align: justify;\">\u201cTrabajamos con Marc en casa para que aprenda a vestirse, descalzarse o sacarse una chaqueta; con Jaume y mediante una actividad como tocar la bater\u00eda juntos, con Iv\u00e1n en la piscina, con N\u00faria en un entorno natural como es el parque en el que juega con sus padres, con Pol en la escuela\u2026\u201d, cuenta Marta tras haber mostrado los diferentes escenarios en que act\u00faa Sala Puigverd. \u201cEl objetivo es que aprendan de un modo funcional y, sobre todo, que el aprendizaje de esta funci\u00f3n les ayude a la calidad de la habilidad motriz\u201d.<\/p>\n<p style=\"text-align: justify;\">Sala Puigverd cuenta ya con 25 a\u00f1os de trayectoria y de lecciones y experiencias podr\u00eda compartirse m\u00e1s que muchas. Pero al preguntarle por la participaci\u00f3n en <em>Tu Proyecto, Nuestro Proyecto <\/em>y en lo <strong><em>que han aprendido de la iniciativa<\/em><\/strong> lo resume r\u00e1pido. \u201cHonda nos ha ense\u00f1ado a creer en que todos podemos ganar y hemos creado un equipo de trabajo para cosas extraprofesionales en el que las familias se siente fuertes y capaces de conseguir recursos\u201d, afirma con resoluci\u00f3n.<\/p>\n<p style=\"text-align: justify;\">Hoy queremos recordaros de nuevo que vuestro proyecto, puede ser el nuestro y que hasta el pr\u00f3ximo 15 de diciembre sigue abierto el periodo de recepci\u00f3n de propuestas. Partipa y s\u00famate a trav\u00e9s de este <a href=\"http:\/\/hondatuproyectonuestroproyecto.com\/\">enlace<\/a>.<\/p>\n<p style=\"text-align: justify;\">\n","protected":false},"excerpt":{"rendered":"<p>Hoy volvemos con un nuevo v\u00eddeo para tratar de inspirarte y dar a conocer al&#8230;<\/p>\n","protected":false},"author":3,"featured_media":3963,"comment_status":"open","ping_status":"open","sticky":false,"template":"","format":"video","meta":{"_acf_changed":false,"footnotes":""},"categories":[1],"class_list":["post-3958","post","type-post","status-publish","format-video","has-post-thumbnail","hentry","category-general","post_format-post-format-video"],"acf":[],"_links":{"self":[{"href":"https:\/\/www.honda.es\/hondadreams\/wp-json\/wp\/v2\/posts\/3958","targetHints":{"allow":["GET"]}}],"collection":[{"href":"https:\/\/www.honda.es\/hondadreams\/wp-json\/wp\/v2\/posts"}],"about":[{"href":"https:\/\/www.honda.es\/hondadreams\/wp-json\/wp\/v2\/types\/post"}],"author":[{"embeddable":true,"href":"https:\/\/www.honda.es\/hondadreams\/wp-json\/wp\/v2\/users\/3"}],"replies":[{"embeddable":true,"href":"https:\/\/www.honda.es\/hondadreams\/wp-json\/wp\/v2\/comments?post=3958"}],"version-history":[{"count":1,"href":"https:\/\/www.honda.es\/hondadreams\/wp-json\/wp\/v2\/posts\/3958\/revisions"}],"predecessor-version":[{"id":3959,"href":"https:\/\/www.honda.es\/hondadreams\/wp-json\/wp\/v2\/posts\/3958\/revisions\/3959"}],"wp:featuredmedia":[{"embeddable":true,"href":"https:\/\/www.honda.es\/hondadreams\/wp-json\/wp\/v2\/media\/3963"}],"wp:attachment":[{"href":"https:\/\/www.honda.es\/hondadreams\/wp-json\/wp\/v2\/media?parent=3958"}],"wp:term":[{"taxonomy":"category","embeddable":true,"href":"https:\/\/www.honda.es\/hondadreams\/wp-json\/wp\/v2\/categories?post=3958"}],"curies":[{"name":"wp","href":"https:\/\/api.w.org\/{rel}","templated":true}]}}