{"id":3983,"date":"2014-12-11T12:44:41","date_gmt":"2014-12-11T10:44:41","guid":{"rendered":"https:\/\/www.hondadreams.es\/?p=3983"},"modified":"2017-12-11T20:57:03","modified_gmt":"2017-12-11T18:57:03","slug":"fernando-alonso-pilotara-el-mclaren-honda-en-2015","status":"publish","type":"post","link":"https:\/\/www.honda.es\/hondadreams\/2014\/12\/11\/fernando-alonso-pilotara-el-mclaren-honda-en-2015\/","title":{"rendered":"Fernando Alonso pilotar\u00e1 el McLaren\u2013Honda en 2015"},"content":{"rendered":"<p>El regreso de Honda a la Formula 1, como desarrollador de los moto res del equipo McLaren, ha sido uno de los acontecimientos m\u00e1s comentados del mundo del motor en 2014. A las puertas del nuevo a\u00f1o se ha desvelado el nombre de los pilotos que tendr\u00e1n la responsabilidad de llevar al t\u00e1ndem McLaren- Honda a lo m\u00e1s alto. Hoy se ha confirmado que el bicampe\u00f3n mundial Fernando Alonso ser\u00e1 el primer piloto del equipo para el pr\u00f3ximo curso. Un regreso esperado y deseado, tras cinco est\u00e9riles temporadas en Ferrari, con el que se espera que sea capaz de llegar de nuevo a lo m\u00e1s alto.<\/p>\n<p>La escuder\u00eda ha optado por el piloto brit\u00e1nico Jenson Button como acompa\u00f1ante del asturiano en esta nueva aventura. Button que fue campe\u00f3n del mundo en 2009 al volante del Brawn GP, es un piloto experimentado que conoce bien las din\u00e1micas de trabajo y de desarrollo de Honda, con la que estuvo colaborando en su anterior etapa en la F1 como piloto del equipo BAR Honda. Su gran experiencia ser\u00e1 el complemento ideal para evolucionar el monoplaza MP4-29H para que se convierta en uno de los m\u00e1s competitivos de la parrilla en 2015.<\/p>\n<p>Honda rompi\u00f3 esquemas en los ochenta al crear un motor turbo sin igual en potencia y rendimiento. Adem\u00e1s, entre 1988 y 1992, el equipo McLaren-Honda se llev\u00f3 ocho campeonatos del mundo y 44 grandes premios, ocup\u00f3 53 pole y consigui\u00f3 30 vueltas m\u00e1s r\u00e1pidas, todo ello en tan s\u00f3lo 80 grandes premios. La expectaci\u00f3n ante la reedici\u00f3n de uno de los duetos m\u00e1s laureados en la historia de la F\u00f3rmula 1 es muy alta. As\u00ed lo han expresado los responsables de Honda y McLaren, esta ma\u00f1ana, en la presentaci\u00f3n del nuevo equipo de pilotos y la huella de esta \u00e9poca gloriosa del automovilismo plane\u00f3 a lo largo de la presentaci\u00f3n, con menciones a Ayrton Senna, \u00eddolo de infancia de Alonso, y a Alain Prost, considerado por Button como su inspirador.<\/p>\n<p style=\"text-align: center;\"><a href=\"https:\/\/www.honda.es\/hondadreams\/wp-content\/uploads\/29652_McLaren-Honda_announce_new_driver_line-up_.jpg\"><img loading=\"lazy\" decoding=\"async\" class=\"alignnone size-large wp-image-3990\" src=\"https:\/\/www.honda.es\/hondadreams\/wp-content\/uploads\/29652_McLaren-Honda_announce_new_driver_line-up_-1200x806.jpg\" alt=\"29652_McLaren-Honda_announce_new_driver_line-up_\" width=\"600\" height=\"403\" \/><\/a><\/p>\n<p>Fernando Alonso, que espera sumar t\u00edtulos como nuevo piloto de McLaren \u2013 Honda, dijo no estar preocupado por conseguir de inmediato los resultados que todos esperan, pero confirm\u00f3 su plena confianza en el proyecto. \u201cHe tenido varias conversaciones serias con todos los directivos de McLaren y Honda; he visitado sus fant\u00e1sticas instalaciones tanto en Reino Unido como en Jap\u00f3n; y tengo claro que la alianza de McLaren y Honda se convertir\u00e1 en una uni\u00f3n de larga duraci\u00f3n en la que se cosechar\u00e1n muchos \u00e9xitos. Adem\u00e1s, tengo la intenci\u00f3n de darlo todo para ayudar a conseguirlo\u201d, afirm\u00f3 el piloto asturiano.<\/p>\n<p>Por su parte Jenson Button destac\u00f3 su experiencia y conocimiento tanto de Honda como de McLaren en su dilatada carrera como piloto. Button no tiene la menor duda de que tener de compa\u00f1ero de equipo \u201cun piloto tan r\u00e1pido y con tanta experiencia como Fernando como compa\u00f1ero de equipo. Nos compenetraremos a la perfecci\u00f3n\u201d.<\/p>\n<p>Ron Denis, presidente ejecutivo de la escuder\u00eda McLaren, afirm\u00f3 que \u201cen lo que respecta a los pilotos, la pol\u00edtica de McLaren siempre ha sido la de reunir a la alineaci\u00f3n m\u00e1s fuerte posible, y con Fernando y Jenson estoy convencid\u00edsimo de que eso es exactamente lo que tenemos\u201d. \u201cContamos ahora con la mejor alineaci\u00f3n de pilotos que hay en la actualidad en la F\u00f3rmula 1\u201d, afirm\u00f3 Denis con rotundidad.<\/p>\n<p>Por su parte, Yasuhisa Arai, director gerente s\u00e9nior de Honda R&amp;D Co Ltd y jefe del departamento de F1 de Honda, dej\u00f3 claro que el proyecto con McLaren va viento en popa, y m\u00e1s tras la incorporaci\u00f3n de dos grandes campeones del mundo, como Fernando Alonso y Jenson Button. Arai afirm\u00f3 que \u201cel equipo de Honda est\u00e1 completamente dedicado a acelerar el desarrollo del motor sobre la base de lo aprendido en el reciente test de Abu Dhabi\u201d, y se mostr\u00f3 convencido de que \u201ctrabajando junto a estos expertos pilotos, seguiremos afinando los motores hasta lograr la perfecci\u00f3n competitiva que queremos para la nueva temporada\u201d.<\/p>\n<p>Estamos ansiosos esperando el sem\u00e1foro verde del circuito australiano de Melbourne, el pr\u00f3ximo 15 de marzo.<\/p>\n","protected":false},"excerpt":{"rendered":"<p>El regreso de Honda a la Formula 1, como desarrollador de los moto res del&#8230;<\/p>\n","protected":false},"author":2,"featured_media":3989,"comment_status":"open","ping_status":"open","sticky":false,"template":"","format":"standard","meta":{"_acf_changed":false,"footnotes":""},"categories":[5,3],"class_list":["post-3983","post","type-post","status-publish","format-standard","has-post-thumbnail","hentry","category-competicion","category-innovacion"],"acf":[],"_links":{"self":[{"href":"https:\/\/www.honda.es\/hondadreams\/wp-json\/wp\/v2\/posts\/3983","targetHints":{"allow":["GET"]}}],"collection":[{"href":"https:\/\/www.honda.es\/hondadreams\/wp-json\/wp\/v2\/posts"}],"about":[{"href":"https:\/\/www.honda.es\/hondadreams\/wp-json\/wp\/v2\/types\/post"}],"author":[{"embeddable":true,"href":"https:\/\/www.honda.es\/hondadreams\/wp-json\/wp\/v2\/users\/2"}],"replies":[{"embeddable":true,"href":"https:\/\/www.honda.es\/hondadreams\/wp-json\/wp\/v2\/comments?post=3983"}],"version-history":[{"count":4,"href":"https:\/\/www.honda.es\/hondadreams\/wp-json\/wp\/v2\/posts\/3983\/revisions"}],"predecessor-version":[{"id":3999,"href":"https:\/\/www.honda.es\/hondadreams\/wp-json\/wp\/v2\/posts\/3983\/revisions\/3999"}],"wp:featuredmedia":[{"embeddable":true,"href":"https:\/\/www.honda.es\/hondadreams\/wp-json\/wp\/v2\/media\/3989"}],"wp:attachment":[{"href":"https:\/\/www.honda.es\/hondadreams\/wp-json\/wp\/v2\/media?parent=3983"}],"wp:term":[{"taxonomy":"category","embeddable":true,"href":"https:\/\/www.honda.es\/hondadreams\/wp-json\/wp\/v2\/categories?post=3983"}],"curies":[{"name":"wp","href":"https:\/\/api.w.org\/{rel}","templated":true}]}}