{"id":4013,"date":"2014-12-18T19:19:21","date_gmt":"2014-12-18T17:19:21","guid":{"rendered":"https:\/\/www.hondadreams.es\/?p=4013"},"modified":"2016-09-07T11:37:38","modified_gmt":"2016-09-07T09:37:38","slug":"el-acura-nsx-y-el-honda-fcv-concept-nombres-propios-en-el-naias-2015-de-detroit","status":"publish","type":"post","link":"https:\/\/www.honda.es\/hondadreams\/2014\/12\/18\/el-acura-nsx-y-el-honda-fcv-concept-nombres-propios-en-el-naias-2015-de-detroit\/","title":{"rendered":"El Acura NSX y el Honda FCV Concept, nombres propios en el NAIAS 2015 de Detroit"},"content":{"rendered":"<p>El pr\u00f3ximo 12 de enero da inicio en Detroit una nueva edici\u00f3n del <a href=\"http:\/\/www.naias.com\/the-2015-show\/overview.aspx\" target=\"_blank\">Sal\u00f3n Internacional del Autom\u00f3vil de Norte Am\u00e9rica (NAIAS)<\/a> y para Honda \u00e9ste ser\u00e1 un evento cargado de novedades. En Detroit har\u00e1n su debut dos de los modelos m\u00e1s esperados de la firma japonesa, el superdeportivo Acura NSX y el Honda FCV Concept.<\/p>\n<p><strong>Una nueva experiencia deportiva<\/strong><\/p>\n<p>Tres a\u00f1os despu\u00e9s de que el presidente y CEO de Honda Motor Co., Ltd, Takanobu Ito, anunciara en el mismo NAIAS el lanzamiento en 2015 de una nueva generaci\u00f3n del NSX, el momento ha llegado. Y la espera ha valido la pena, porque en Detroit se revelar\u00e1n los secretos de la reedici\u00f3n de uno de los coches m\u00e1s carism\u00e1ticos de Honda.<\/p>\n<div id=\"attachment_4021\" style=\"width: 610px\" class=\"wp-caption aligncenter\"><img loading=\"lazy\" decoding=\"async\" aria-describedby=\"caption-attachment-4021\" class=\"size-medium wp-image-4021\" src=\"https:\/\/www.honda.es\/hondadreams\/wp-content\/uploads\/NSX_Teaser_Image_-1-600x337.jpg\" alt=\"Primeras im\u00e1genes del Acura NSX\" width=\"600\" height=\"337\" \/><p id=\"caption-attachment-4021\" class=\"wp-caption-text\">Primeras im\u00e1genes del Acura NSX<\/p><\/div>\n<p>Nacido en 1990 y fabricado hasta 2005, el legendario NSX cambi\u00f3 la industria del motor para siempre. Ahora el objetivo de Honda es recuperar el esp\u00edritu de aquel superdeportivo y que el concepto de la nueva generaci\u00f3n del NSX haga justicia a su nombre original (New Sportscar eXperimental).<\/p>\n<p>En Detroit se dar\u00e1n a conocer los detalles del nuevo NSX y el plan de lanzamiento del coche. De momento y para hacer m\u00e1s llevadera la espera hasta el 12 de enero, Honda ha estrenado un teaser de 30 segundos que da un anticipo del sonido de los tres motores el\u00e9ctricos que componen el Sport Hybrid. En el mismo <a href=\"https:\/\/www.youtube.com\/user\/Acura\" target=\"_blank\">canal de YouTube de Acura<\/a>, se podr\u00e1 seguir en directo la presentaci\u00f3n del coche.<\/p>\n<p><iframe loading=\"lazy\" src=\"\/\/www.youtube.com\/embed\/fRrPBdmW85A\" width=\"560\" height=\"315\" frameborder=\"0\" allowfullscreen=\"allowfullscreen\"><\/iframe><\/p>\n<p><strong>La nueva generaci\u00f3n del veh\u00edculo de pila combustible y cero emisiones de Honda<\/strong><\/p>\n<p>EL NAIAS del pr\u00f3ximo enero ser\u00e1 tambi\u00e9n el escenario en el que har\u00e1 su presentaci\u00f3n norteamericana el FCV Concept, la apuesta de Honda para\u00a0 avanzar hacia la futura sociedad del hidr\u00f3geno y sucesor <a href=\"https:\/\/www.honda.es\/hondadreams\/2013\/06\/19\/fcx-clarity-hace-un-ano-en-barcelona\/\" target=\"_blank\">del FCX Clarity<\/a>. El nuevo modelo, que <a href=\"https:\/\/www.honda.es\/hondadreams\/2014\/11\/18\/honda-fcv-concept-el-futuro-de-la-movilidad-sin-emisiones-ya-esta-aqui\/\" target=\"_blank\">hizo su debut mundial<\/a> en Jap\u00f3n el pasado 17 de noviembre, incorpora importantes avances en la presentaci\u00f3n, espacio interior, reducci\u00f3n de costes y rendimiento. Adem\u00e1s, el Honda FCV Concept alcanzar\u00e1 una autonom\u00eda superior a los 700 km, todo un avance en este \u00e1mbito.<\/p>\n<div id=\"attachment_3899\" style=\"width: 610px\" class=\"wp-caption aligncenter\"><img loading=\"lazy\" decoding=\"async\" aria-describedby=\"caption-attachment-3899\" class=\"size-medium wp-image-3899\" src=\"https:\/\/www.honda.es\/hondadreams\/wp-content\/uploads\/29307_FCX_Concept1-600x346.jpg\" alt=\"El nuevo Honda FCV Concept, nueva pila de combustible y cero emisiones\" width=\"600\" height=\"346\" \/><p id=\"caption-attachment-3899\" class=\"wp-caption-text\">El Honda FCV Concept, nueva pila de combustible y cero emisiones<\/p><\/div>\n<p>Tras m\u00e1s de una d\u00e9cada de liderazgo en la tecnolog\u00eda de pila de combustible alimentada con hidr\u00f3geno, Honda se ha convertido en un referente del mundo del motor en esta modalidad de movilidad el\u00e9ctrica. La Compa\u00f1\u00eda tiene entre sus objetivos estrat\u00e9gicos la reducci\u00f3n del impacto medioambiental de sus productos, a trav\u00e9s de la investigaci\u00f3n y desarrollo de tecnolog\u00eda que mejore la eficiencia del combustible sin perder de vista la diversi\u00f3n de la conducci\u00f3n.<\/p>\n<p>De hecho, una de sus principales inversiones en este sentido es la <a href=\"https:\/\/www.honda.es\/hondadreams\/2014\/11\/26\/honda-invierte-en-la-red-de-hidrogeneras-californiana\/\">ampliaci\u00f3n de la red de estaciones de hidr\u00f3geno<\/a>. El objetivo, contribuir en el desarrollo de las infraestructuras necesarias para avanzar en la implementaci\u00f3n de los veh\u00edculos de pila de combustible como alternativa de movilidad sostenible. El Honda FCV Concept empezar\u00e1 a comercializarse en Europa y en Estados Unidos tras su introducci\u00f3n en Jap\u00f3n en marzo del 2016.<\/p>\n","protected":false},"excerpt":{"rendered":"<p>El pr\u00f3ximo 12 de enero da inicio en Detroit una nueva edici\u00f3n del Sal\u00f3n Internacional&#8230;<\/p>\n","protected":false},"author":3,"featured_media":4018,"comment_status":"open","ping_status":"open","sticky":false,"template":"","format":"standard","meta":{"_acf_changed":false,"footnotes":""},"categories":[1,3,9,11],"class_list":["post-4013","post","type-post","status-publish","format-standard","has-post-thumbnail","hentry","category-general","category-innovacion","category-mundo-honda","category-novedades"],"acf":[],"_links":{"self":[{"href":"https:\/\/www.honda.es\/hondadreams\/wp-json\/wp\/v2\/posts\/4013","targetHints":{"allow":["GET"]}}],"collection":[{"href":"https:\/\/www.honda.es\/hondadreams\/wp-json\/wp\/v2\/posts"}],"about":[{"href":"https:\/\/www.honda.es\/hondadreams\/wp-json\/wp\/v2\/types\/post"}],"author":[{"embeddable":true,"href":"https:\/\/www.honda.es\/hondadreams\/wp-json\/wp\/v2\/users\/3"}],"replies":[{"embeddable":true,"href":"https:\/\/www.honda.es\/hondadreams\/wp-json\/wp\/v2\/comments?post=4013"}],"version-history":[{"count":7,"href":"https:\/\/www.honda.es\/hondadreams\/wp-json\/wp\/v2\/posts\/4013\/revisions"}],"predecessor-version":[{"id":4020,"href":"https:\/\/www.honda.es\/hondadreams\/wp-json\/wp\/v2\/posts\/4013\/revisions\/4020"}],"wp:featuredmedia":[{"embeddable":true,"href":"https:\/\/www.honda.es\/hondadreams\/wp-json\/wp\/v2\/media\/4018"}],"wp:attachment":[{"href":"https:\/\/www.honda.es\/hondadreams\/wp-json\/wp\/v2\/media?parent=4013"}],"wp:term":[{"taxonomy":"category","embeddable":true,"href":"https:\/\/www.honda.es\/hondadreams\/wp-json\/wp\/v2\/categories?post=4013"}],"curies":[{"name":"wp","href":"https:\/\/api.w.org\/{rel}","templated":true}]}}