{"id":4035,"date":"2014-12-23T11:03:33","date_gmt":"2014-12-23T09:03:33","guid":{"rendered":"https:\/\/www.hondadreams.es\/?p=4035"},"modified":"2014-12-23T11:03:33","modified_gmt":"2014-12-23T09:03:33","slug":"honda-compensara-sus-emisiones-de-co2-con-un-parque-eolico-en-brasil","status":"publish","type":"post","link":"https:\/\/www.honda.es\/hondadreams\/2014\/12\/23\/honda-compensara-sus-emisiones-de-co2-con-un-parque-eolico-en-brasil\/","title":{"rendered":"Honda compensar\u00e1 sus emisiones de CO2 con un parque e\u00f3lico en Brasil"},"content":{"rendered":"<p style=\"text-align: justify;\">Es un ambicioso proyecto con un \u00fanico objetivo: que la actividad de la divisi\u00f3n de autom\u00f3viles de <a href=\"http:\/\/www.honda.com.br\/Paginas\/Default.aspx\">Honda en Brasil<\/a> sea neutral en emisiones y autosuficiente energ\u00e9ticamente. El parque e\u00f3lico que Honda ha construido en Brasil arranca ahora motores. La ceremonia de inauguraci\u00f3n congreg\u00f3 a representantes del gobierno y de las comunidades locales, que celebraron una iniciativa pionera: Honda es el primer fabricante de coches que pone en marcha un negocio de generaci\u00f3n de energ\u00eda limpia.<\/p>\n<p style=\"text-align: justify;\">Honda Energy no se limitar\u00e1 a gestionar el parque e\u00f3lico, sino que se ha comprometido a promover proactivamente el uso de energ\u00edas renovables en Brasil. El proyecto comenz\u00f3 hace un par de a\u00f1os, como parte del esfuerzo de la Compa\u00f1\u00eda por minimizar su huella medioambiental.<\/p>\n<p style=\"text-align: justify;\">El parque, situado en la ciudad de Xangri-l\u00e1, en el estado sure\u00f1o de Rio Grande do Sul, a unos 1.000 km al sur de la planta de producci\u00f3n de <a href=\"http:\/\/www.honda.com.br\/sobre-a-honda\/no-brasil\/paginas\/default.aspx\">Honda en Sumar\u00e9<\/a>, S\u00e3o Paulo, contar\u00e1 con nueve molinos de viento y se espera que genere aproximadamente 95.000 MW\/h anuales. Esta cifra equivale a la electricidad que Honda necesita para cubrir su producci\u00f3n anual de 140.000 unidades en el pa\u00eds sudamericano. De esta forma, Honda aspira a compensar cada a\u00f1o m\u00e1s de 2.200 toneladas de emisiones de CO<sub>2<\/sub>.<\/p>\n<p style=\"text-align: justify;\">Desde que lleg\u00f3 a Brasil en 1976, Honda ha cooperado con las comunidades locales para minimizar el impacto medioambiental de su actividad industrial. Carlos Eigi, presidente de Honda Energy do Brasil Ltda., destac\u00f3 durante el acto de inauguraci\u00f3n que estaba satisfecho de estar dando \u00abotro paso significante hacia el uso de las energ\u00edas renovables\u201d, y lig\u00f3 el proyecto a la estrategia global de Honda en cuestiones medioambientales, que se agrupa bajo el lema \u2018Blue Skies for Our Children\u2019 (Cielos azules para nuestros hijos). \u201cHonda seguir\u00e1 siendo proactiva en la promoci\u00f3n de actividades de conservaci\u00f3n medioambiental en Brasil\u00bb, a\u00f1adi\u00f3 Eigi.<\/p>\n<p style=\"text-align: justify;\">En su informe medioambiental, que se publica cada a\u00f1o para evaluar el progreso de los objetivos medioambientales de la compa\u00f1\u00eda a nivel global, Honda se ha fijado el reto de reducir en un 30% (respecto a los niveles del a\u00f1o 2000) las emisiones de CO<sub>2<\/sub> vinculadas a la fabricaci\u00f3n de sus productos para 2020. Para superar este reto, Honda ha reforzado sus iniciativas medioambientales en todo el mundo para conseguir reducir la huella medioambiental de toda su actividad industrial, que incluye tanto la producci\u00f3n como la cadena de suministro.<\/p>\n","protected":false},"excerpt":{"rendered":"<p>Es un ambicioso proyecto con un \u00fanico objetivo: que la actividad de la divisi\u00f3n de&#8230;<\/p>\n","protected":false},"author":3,"featured_media":4037,"comment_status":"open","ping_status":"open","sticky":false,"template":"","format":"standard","meta":{"_acf_changed":false,"footnotes":""},"categories":[9,4],"class_list":["post-4035","post","type-post","status-publish","format-standard","has-post-thumbnail","hentry","category-mundo-honda","category-sostenibilidad"],"acf":[],"_links":{"self":[{"href":"https:\/\/www.honda.es\/hondadreams\/wp-json\/wp\/v2\/posts\/4035","targetHints":{"allow":["GET"]}}],"collection":[{"href":"https:\/\/www.honda.es\/hondadreams\/wp-json\/wp\/v2\/posts"}],"about":[{"href":"https:\/\/www.honda.es\/hondadreams\/wp-json\/wp\/v2\/types\/post"}],"author":[{"embeddable":true,"href":"https:\/\/www.honda.es\/hondadreams\/wp-json\/wp\/v2\/users\/3"}],"replies":[{"embeddable":true,"href":"https:\/\/www.honda.es\/hondadreams\/wp-json\/wp\/v2\/comments?post=4035"}],"version-history":[{"count":1,"href":"https:\/\/www.honda.es\/hondadreams\/wp-json\/wp\/v2\/posts\/4035\/revisions"}],"predecessor-version":[{"id":4036,"href":"https:\/\/www.honda.es\/hondadreams\/wp-json\/wp\/v2\/posts\/4035\/revisions\/4036"}],"wp:featuredmedia":[{"embeddable":true,"href":"https:\/\/www.honda.es\/hondadreams\/wp-json\/wp\/v2\/media\/4037"}],"wp:attachment":[{"href":"https:\/\/www.honda.es\/hondadreams\/wp-json\/wp\/v2\/media?parent=4035"}],"wp:term":[{"taxonomy":"category","embeddable":true,"href":"https:\/\/www.honda.es\/hondadreams\/wp-json\/wp\/v2\/categories?post=4035"}],"curies":[{"name":"wp","href":"https:\/\/api.w.org\/{rel}","templated":true}]}}