{"id":4062,"date":"2014-12-30T14:21:52","date_gmt":"2014-12-30T12:21:52","guid":{"rendered":"https:\/\/www.hondadreams.es\/?p=4062"},"modified":"2017-12-11T20:57:56","modified_gmt":"2017-12-11T18:57:56","slug":"tu-proyecto-nuestro-proyecto-ya-tiene-finalistas","status":"publish","type":"post","link":"https:\/\/www.honda.es\/hondadreams\/2014\/12\/30\/tu-proyecto-nuestro-proyecto-ya-tiene-finalistas\/","title":{"rendered":"\u00abTu Proyecto, Nuestro Proyecto\u00bb ya tiene finalistas"},"content":{"rendered":"<p style=\"text-align: justify;\">Casi coincidiendo con la clausura del oto\u00f1o Honda cerr\u00f3 tambi\u00e9n, el pasado 15 de diciembre, la convocatoria para la recepci\u00f3n de propuestas en el marco de su iniciativa de RSC \u00abTu Proyecto, Nuestro Proyecto\u00bb. \u00bfEl resultado? 10 propuestas finalistas, a partir del voto del p\u00fablico en general, de entre las cuales un jurado elegir\u00e1 al ganador, que recibir\u00e1 una dotaci\u00f3n econ\u00f3mica de hasta 25.000 euros para llevar a cabo su propuesta.<\/p>\n<p style=\"text-align: justify;\">Como ya os hemos contado en este blog, Honda puso en marcha, bajo el lema <a href=\"https:\/\/www.honda.es\/hondadreams\/2014\/10\/06\/3a-edicion-de-tu-proyecto-nuestro-proyecto-25-000-e-para-proyectos-sociales-para-la-infancia\/\" target=\"_blank\">\u00abPorque el futuro nos importa\u00bb<\/a>, un concurso de proyectos sociales a trav\u00e9s del cual se ha invitado a todos los clientes a enviar propuestas con las que mejorar el entorno de la infancia. 69 proyectos y cerca de 40.000 votos emitidos han sido el resultado de esta iniciativa de Responsabilidad Social Corporativa, una participaci\u00f3n que Honda considera un gran \u00e9xito y por la cual quiere agradecer a todos quienes han formado parte de ella.<\/p>\n<p style=\"text-align: justify;\">Ahora es el turno del jurado y de su reflexi\u00f3n para elegir de entre los 10 finalistas la propuesta ganadora. En esta edici\u00f3n, dicho jurado estar\u00e1 formado por Pepa Bueno, periodista y uno de los referentes radiof\u00f3nicos y televisivos espa\u00f1oles, con una s\u00f3lida trayectoria reconocida con varios premios; Jorge Wagensberg, uno de los divulgadores cient\u00edficos m\u00e1s destacados de Espa\u00f1a y quien lider\u00f3 la renovaci\u00f3n del Museo de la Ciencia de Barcelona hasta llegar a lo que hoy se conoce como CosmoCaixa; Francisco Javier Martos, director ejecutivo de UNICEF en Espa\u00f1a, la primera organizaci\u00f3n internacional en la defensa de los derechos de la infancia; y Marc Serruya, Presidente de Honda Motor Europe en Espa\u00f1a y Portugal.<\/p>\n<p>A continuaci\u00f3n os dejamos con los 10 proyectos m\u00e1s votados, no sin antes agradeceros de nuevo vuestras ideas y votos, \u00a1much\u00edsimas gracias por sumaros!<\/p>\n<ul>\n<li>De la mano de la <strong>Fundaci\u00f3n S\u00edndrome de West<\/strong>, el proyecto de diagn\u00f3stico e investigaci\u00f3n gen\u00e9tica en el S\u00edndrome de West apuesta por avanzar en la investigaci\u00f3n de nuevas alteraciones gen\u00e9ticas en esta enfermedad rara.<\/li>\n<li>Programa de la <strong>Asociaci\u00f3n<\/strong> <strong>ASTEAMUR<\/strong>, destinado a alumnado con espectro autista y a trav\u00e9s del cual se trabaja para estimular la integraci\u00f3n escolar y social de estos ni\u00f1os y ni\u00f1as dentro de los centros educativos.<\/li>\n<li>Estudio cl\u00ednico gen\u00e9tico en PEF, impulsado por la <strong>Asociaci\u00f3n Espa\u00f1ola de Paraparesia Esp\u00e1stica Familiar<\/strong>,con el objetivo de investigar el origen de esta enfermedad y dar apoyo a las familias y afectados por esta patolog\u00eda.<\/li>\n<li>La <strong>Fundaci\u00f3n Make a Wish<\/strong> y sus \u00abIlusiones para la esperanza\u00bb, una iniciativa con la que quieren hacer realidad los sue\u00f1os de 10 ni\u00f1os enfermos para transformar la dura realidad que viven ellos y sus familias.<\/li>\n<li>El proyecto Alberos, surgido de la <strong>Asociaci\u00f3n Alba P\u00e9rez<\/strong> con el objetivo de crear concienciaci\u00f3n colectiva acerca del Sarcoma de Ewing y apoyar econ\u00f3micamente a los equipos de investigaci\u00f3n de dicha enfermedad.<\/li>\n<li><strong>Proyecto Therasuit<\/strong> y el \u00abTraje con poderes para moverme\u00bb, una propuesta para poner en marcha una unidad de tratamiento con la que trabajar con ni\u00f1os y ni\u00f1as con discapacidades motores graves.<\/li>\n<li><strong>TERRAL\u2012Raval en Acci\u00f3n<\/strong>, asociaci\u00f3n que trabaja para la inserci\u00f3n y adaptaci\u00f3n social de ni\u00f1os y j\u00f3venes del barrio del Raval en Barcelona.<\/li>\n<li>La <strong>Fundaci\u00f3n S\u00edndrome de Dravet<\/strong> y su proyecto \u00abInclusive Smart School\u00bb, que fomenta la introducci\u00f3n de tecnolog\u00eda en las aulas de un modo inclusivo, teniendo en cuenta a los alumnos con necesidades educativas especiales.<\/li>\n<li>La <strong>Asociaci\u00f3n Nacional Convives con Espasticidad<\/strong> y su investigaci\u00f3n, de la mano del Hospital del Ni\u00f1o Jes\u00fas de Madrid, para mejorar la funcionalidad y la calidad de vida de ni\u00f1os afectados por par\u00e1lisis cerebral.<\/li>\n<li>Proyecto \u00abAyuda de coraz\u00f3n\u00bb, de la <strong>Fundaci\u00f3n Andr\u00e9s Marcio<\/strong>, que trabaja para avanzar en el conocimiento de la laminotap\u00eda, una enfermedad rara neuromuscular.<\/li>\n<\/ul>\n<p>&nbsp;<\/p>\n","protected":false},"excerpt":{"rendered":"<p>Casi coincidiendo con la clausura del oto\u00f1o Honda cerr\u00f3 tambi\u00e9n, el pasado 15 de diciembre,&#8230;<\/p>\n","protected":false},"author":3,"featured_media":3945,"comment_status":"open","ping_status":"open","sticky":false,"template":"","format":"standard","meta":{"_acf_changed":false,"footnotes":""},"categories":[9,10],"class_list":["post-4062","post","type-post","status-publish","format-standard","has-post-thumbnail","hentry","category-mundo-honda","category-rsc"],"acf":[],"_links":{"self":[{"href":"https:\/\/www.honda.es\/hondadreams\/wp-json\/wp\/v2\/posts\/4062","targetHints":{"allow":["GET"]}}],"collection":[{"href":"https:\/\/www.honda.es\/hondadreams\/wp-json\/wp\/v2\/posts"}],"about":[{"href":"https:\/\/www.honda.es\/hondadreams\/wp-json\/wp\/v2\/types\/post"}],"author":[{"embeddable":true,"href":"https:\/\/www.honda.es\/hondadreams\/wp-json\/wp\/v2\/users\/3"}],"replies":[{"embeddable":true,"href":"https:\/\/www.honda.es\/hondadreams\/wp-json\/wp\/v2\/comments?post=4062"}],"version-history":[{"count":1,"href":"https:\/\/www.honda.es\/hondadreams\/wp-json\/wp\/v2\/posts\/4062\/revisions"}],"predecessor-version":[{"id":4063,"href":"https:\/\/www.honda.es\/hondadreams\/wp-json\/wp\/v2\/posts\/4062\/revisions\/4063"}],"wp:featuredmedia":[{"embeddable":true,"href":"https:\/\/www.honda.es\/hondadreams\/wp-json\/wp\/v2\/media\/3945"}],"wp:attachment":[{"href":"https:\/\/www.honda.es\/hondadreams\/wp-json\/wp\/v2\/media?parent=4062"}],"wp:term":[{"taxonomy":"category","embeddable":true,"href":"https:\/\/www.honda.es\/hondadreams\/wp-json\/wp\/v2\/categories?post=4062"}],"curies":[{"name":"wp","href":"https:\/\/api.w.org\/{rel}","templated":true}]}}