{"id":4106,"date":"2015-01-13T19:24:08","date_gmt":"2015-01-13T17:24:08","guid":{"rendered":"https:\/\/www.hondadreams.es\/?p=4106"},"modified":"2016-09-07T11:32:59","modified_gmt":"2016-09-07T09:32:59","slug":"estilo-y-movilidad-sostenible-se-fusionan-en-el-nuevo-honda-fcv-concept","status":"publish","type":"post","link":"https:\/\/www.honda.es\/hondadreams\/2015\/01\/13\/estilo-y-movilidad-sostenible-se-fusionan-en-el-nuevo-honda-fcv-concept\/","title":{"rendered":"Estilo y movilidad sostenible se fusionan en el nuevo Honda FCV Concept"},"content":{"rendered":"<p>\u00bfQui\u00e9n dijo que el dise\u00f1o y la eficiencia medioambiental estaban re\u00f1idos? La nueva generaci\u00f3n del Honda FCV Concept parece dispuesta a desmentirlo. Su debut norteamericano hoy en el Sal\u00f3n Internacional del Autom\u00f3vil de Norteam\u00e9rica en Detroit ha sido una clara demostraci\u00f3n de la evoluci\u00f3n en materia de estilo exterior e interior del veh\u00edculo de pila combustible. Por ahora tendremos que esperar, puesto que en marzo de 2016 se lanzar\u00e1 en Jap\u00f3n y posteriormente en Europa y Estados Unidos.<\/p>\n<p>El Honda FCV Concept supone el siguiente paso de los veh\u00edculos de emisi\u00f3n cero en lo que a dise\u00f1o se refiere. El coche cuenta con una carrocer\u00eda aerodin\u00e1mica amplia y de perfil bajo con una l\u00edneas limpias y llenas de car\u00e1cter. En el interior se ha buscado la absoluta armon\u00eda entre el hombre y la m\u00e1quina, al obtener el m\u00e1ximo partido del rendimiento del nuevo conjunto propulsor. En este sentido, el FCV Concept, con capacidad cinco personas, supera a su predecesor FCX Clarity, limitado a cuatro ocupantes.<\/p>\n<div id=\"attachment_4104\" style=\"width: 610px\" class=\"wp-caption aligncenter\"><img loading=\"lazy\" decoding=\"async\" aria-describedby=\"caption-attachment-4104\" class=\"size-medium wp-image-4104\" src=\"https:\/\/www.honda.es\/hondadreams\/wp-content\/uploads\/FCV_Concept1-600x400.jpg\" alt=\"El Honda FCV Concept se ha presentado hoy en el NAIAS 2015\" width=\"600\" height=\"400\" \/><p id=\"caption-attachment-4104\" class=\"wp-caption-text\">El Honda FCV Concept se ha presentado hoy en el NAIAS 2015<\/p><\/div>\n<p>Si el dise\u00f1o luce, el motor no se queda atr\u00e1s. Honda sigue innovando en el desarrollo de los veh\u00edculos sostenibles. El nuevo FCV Concept tendr\u00e1 una autonom\u00eda estimada de m\u00e1s de 300 millas (482km) y se podr\u00e1 recargar en tan solo 3 minutos. M\u00e1s rendimiento en menos espacio, porque su pila de combustible es un 33% m\u00e1s peque\u00f1a y ofrece un 60% m\u00e1s de densidad de potencia en comparaci\u00f3n con el Honda FCX Clarity.<\/p>\n<p>Con la presentaci\u00f3n de este nuevo modelo, la Compa\u00f1\u00eda mantiene su apuesta por la reducci\u00f3n del impacto medioambiental de sus modelos. Y lo hace reforzando un liderazgo de m\u00e1s de diez a\u00f1os en la investigaci\u00f3n y el desarrollo de veh\u00edculos de emisi\u00f3n cero. En 2002 el FCX original fue el primer veh\u00edculo mundial de pila de combustible introducido en\u00a0 el mercado estadounidense y japon\u00e9s. Al a\u00f1o siguiente el coche se convirti\u00f3 en el primer veh\u00edculo de esas caracter\u00edsticas capaz de funcionar por debajo del punto de congelaci\u00f3n y en 2005 Honda fue la primera Compa\u00f1\u00eda del mundo en comercializar un veh\u00edculo de pila combustible a clientes particulares. En 2008 Honda vuelve a dar un paso m\u00e1s al convertirse en el primer fabricante en montar un veh\u00edculo de pila de combustible en una l\u00ednea dedicada exclusivamente a la producci\u00f3n de este tipo de veh\u00edculos y el primero en crear una red de concesionarios de veh\u00edculos de pila de combustible.<\/p>\n<div id=\"attachment_4103\" style=\"width: 610px\" class=\"wp-caption aligncenter\"><img loading=\"lazy\" decoding=\"async\" aria-describedby=\"caption-attachment-4103\" class=\"size-medium wp-image-4103\" src=\"https:\/\/www.honda.es\/hondadreams\/wp-content\/uploads\/FCV_Concept-4-600x400.jpg\" alt=\"El interior del nuevo Honda FCV Concept es m\u00e1s espacioso\" width=\"600\" height=\"400\" \/><p id=\"caption-attachment-4103\" class=\"wp-caption-text\">El interior del nuevo Honda FCV Concept es m\u00e1s espacioso<\/p><\/div>\n<h3><strong>El futuro, m\u00e1s cerca que nunca<\/strong><\/h3>\n<p>Adem\u00e1s del veh\u00edculo de pila de combustible completamente nuevo, Honda ha anunciado el lanzamiento en 2018 de varios autom\u00f3viles con avanzados modelos propulsores de pr\u00f3xima generaci\u00f3n de la serie Earth Dreams\u2122 Technology de Honda. Estos modelos incluir\u00e1n un modelo h\u00edbrido enchufable (PHEV), un veh\u00edculo el\u00e9ctrico con bater\u00eda (BEV) completamente nuevo y la aplicaci\u00f3n de los sistemas h\u00edbridos de dos y tres motores para contribuir al crecimiento del volumen de ventas de la gama de autom\u00f3viles h\u00edbridos de Honda en Estados Unidos. El futuro est\u00e1 m\u00e1s cerca que nunca y es la apuesta de Honda que el desarrollo sostenible forme parte de \u00e9l.<\/p>\n","protected":false},"excerpt":{"rendered":"<p>\u00bfQui\u00e9n dijo que el dise\u00f1o y la eficiencia medioambiental estaban re\u00f1idos? La nueva generaci\u00f3n del&#8230;<\/p>\n","protected":false},"author":3,"featured_media":4103,"comment_status":"open","ping_status":"open","sticky":false,"template":"","format":"standard","meta":{"_acf_changed":false,"footnotes":""},"categories":[3,9,11],"class_list":["post-4106","post","type-post","status-publish","format-standard","has-post-thumbnail","hentry","category-innovacion","category-mundo-honda","category-novedades"],"acf":[],"_links":{"self":[{"href":"https:\/\/www.honda.es\/hondadreams\/wp-json\/wp\/v2\/posts\/4106","targetHints":{"allow":["GET"]}}],"collection":[{"href":"https:\/\/www.honda.es\/hondadreams\/wp-json\/wp\/v2\/posts"}],"about":[{"href":"https:\/\/www.honda.es\/hondadreams\/wp-json\/wp\/v2\/types\/post"}],"author":[{"embeddable":true,"href":"https:\/\/www.honda.es\/hondadreams\/wp-json\/wp\/v2\/users\/3"}],"replies":[{"embeddable":true,"href":"https:\/\/www.honda.es\/hondadreams\/wp-json\/wp\/v2\/comments?post=4106"}],"version-history":[{"count":1,"href":"https:\/\/www.honda.es\/hondadreams\/wp-json\/wp\/v2\/posts\/4106\/revisions"}],"predecessor-version":[{"id":4107,"href":"https:\/\/www.honda.es\/hondadreams\/wp-json\/wp\/v2\/posts\/4106\/revisions\/4107"}],"wp:featuredmedia":[{"embeddable":true,"href":"https:\/\/www.honda.es\/hondadreams\/wp-json\/wp\/v2\/media\/4103"}],"wp:attachment":[{"href":"https:\/\/www.honda.es\/hondadreams\/wp-json\/wp\/v2\/media?parent=4106"}],"wp:term":[{"taxonomy":"category","embeddable":true,"href":"https:\/\/www.honda.es\/hondadreams\/wp-json\/wp\/v2\/categories?post=4106"}],"curies":[{"name":"wp","href":"https:\/\/api.w.org\/{rel}","templated":true}]}}