{"id":4124,"date":"2015-01-28T14:33:20","date_gmt":"2015-01-28T12:33:20","guid":{"rendered":"https:\/\/www.hondadreams.es\/?p=4124"},"modified":"2017-12-11T20:55:59","modified_gmt":"2017-12-11T18:55:59","slug":"honda-llega-a-ginebra-cargada-de-novedades","status":"publish","type":"post","link":"https:\/\/www.honda.es\/hondadreams\/2015\/01\/28\/honda-llega-a-ginebra-cargada-de-novedades\/","title":{"rendered":"Honda llega a Ginebra cargada de novedades"},"content":{"rendered":"<p style=\"text-align: justify;\">La 85\u00aa edici\u00f3n del Sal\u00f3n del Autom\u00f3vil de Ginebra que se celebra entre el 3 y el 15 de marzo promete ser un punto de inflexi\u00f3n para Honda en Europa en este nuevo a\u00f1o 2015. La Compa\u00f1\u00eda presentar\u00e1 en Suiza hasta cinco novedades en sus modelos de producci\u00f3n, en las que se incluyen dos esperadas primicias: el estreno mundial del Civic Type R y el debut en Europa del NSX, a las que se suman el nuevo monoplaza de F\u00f3rmula 1 McLaren Honda, que tambi\u00e9n har\u00e1 su aparici\u00f3n en Ginebra.<\/p>\n<p style=\"text-align: justify;\"><strong>Dos leyendas largamente esperadas<\/strong><\/p>\n<p style=\"text-align: justify;\">Ginebra evidencia la apuesta de Honda por los modelos de carretera y para la competici\u00f3n. Si ya de por s\u00ed el Civic Type R se hab\u00eda caracterizado por ser el modelo m\u00e1s radical de Honda, la nueva generaci\u00f3n del \u201ccoche de competici\u00f3n para la carretera\u201d pretende ir un paso m\u00e1s all\u00e1 y transferir esta pasi\u00f3n por la <a href=\"https:\/\/www.honda.es\/hondadreams\/2014\/10\/30\/la-otra-cara-de-honda-pulsa-la-r-y-dirige-el-guion\/\">conducci\u00f3n intensa<\/a>.<\/p>\n<p style=\"text-align: justify;\">A partir de hoy y para los fans m\u00e1s impacientes est\u00e1 disponible una <a href=\"http:\/\/www.redline.global\/\">web<\/a> dedicada al Civic Type R en la que los seguidores de este icono de Honda podr\u00e1n compartir contenidos relacionados con el coche en las redes sociales \u2012mediante el hashtag <a href=\"https:\/\/twitter.com\/search?f=realtime&amp;q=%23HondaRedline&amp;src=typd\">#HondaRedline<\/a>\u2012y descubrir fotos exclusivas del nuevo Type R antes de su presentaci\u00f3n en sociedad en marzo. Adem\u00e1s, Honda ha hecho p\u00fablico un nuevo teaser en el que el protagonista es el <a href=\"http:\/\/www.youtube.com\/watch?v=LJla-AlnlqY\">rugido del nuevo motor turbo<\/a> de 2.0 litros i-VTEC de Honda.<\/p>\n<p style=\"text-align: justify;\">Aunque <a href=\"https:\/\/www.honda.es\/hondadreams\/2015\/01\/12\/vuelve-el-mito-el-nuevo-honda-nsx-hace-justicia-a-su-nombre\/\">lo pudimos ver hace apenas unos d\u00edas en Detroit<\/a>, en Ginebra har\u00e1 el debut europeo el nuevo NSX. Vuelve, tras 25 a\u00f1os, el superdeportivo de Honda, uno de los modelos que marcaron un antes y un despu\u00e9s en el mundo del motor. Y lo hace lleno de novedades, con un motor h\u00edbrido y una caja de cambios de doble embrague de 9 marchas. El NSX hace justicia a su nombre y promete ofrecer una autentica \u201cnueva experiencia deportiva\u201d (New Sport eXperience).<\/p>\n<p style=\"text-align: justify;\">Tambi\u00e9n se presentar\u00e1n en Ginebra los nuevos modelos de producci\u00f3n del nuevo Honda HR-V y del Honda Jazz, cuyo lanzamiento est\u00e1 previsto durante el segundo semestre del a\u00f1o, y el FCV Concept, que llegar\u00e1 en Europa tras su introducci\u00f3n en Estados Unidos y Jap\u00f3n en 2016.<\/p>\n<p style=\"text-align: justify;\"><strong>Honda vuelve a los circuitos de F1<\/strong><\/p>\n<p style=\"text-align: justify;\">El 2015 es un a\u00f1o de regresos, puesto que tambi\u00e9n en la alta competici\u00f3n Honda presenta novedades. <a href=\"https:\/\/www.honda.es\/hondadreams\/2014\/11\/25\/mclaren-honda-una-nueva-era-en-la-f1\/\">McLaren y Honda vuelven a sumar esfuerzos en la F1<\/a> y, de la mano de Fernando Alonso y Jenson Button, intentar\u00e1n superar los exitosos resultados que la uni\u00f3n ya cosech\u00f3 entre 1988 y 1991, cuando lograron 4 campeonatos mundiales de constructores. Antes de que baje la bandera de cuadros en Melbourne y empiece una apasionante temporada de F1, el monoplaza se exhibir\u00e1 en Ginebra, una ocasi\u00f3n \u00fanica para ver de cerca la nueva arma de competici\u00f3n de Honda.<\/p>\n","protected":false},"excerpt":{"rendered":"<p>La 85\u00aa edici\u00f3n del Sal\u00f3n del Autom\u00f3vil de Ginebra que se celebra entre el 3&#8230;<\/p>\n","protected":false},"author":3,"featured_media":4121,"comment_status":"open","ping_status":"open","sticky":false,"template":"","format":"video","meta":{"_acf_changed":false,"footnotes":""},"categories":[5,3,9],"class_list":["post-4124","post","type-post","status-publish","format-video","has-post-thumbnail","hentry","category-competicion","category-innovacion","category-mundo-honda","post_format-post-format-video"],"acf":[],"_links":{"self":[{"href":"https:\/\/www.honda.es\/hondadreams\/wp-json\/wp\/v2\/posts\/4124","targetHints":{"allow":["GET"]}}],"collection":[{"href":"https:\/\/www.honda.es\/hondadreams\/wp-json\/wp\/v2\/posts"}],"about":[{"href":"https:\/\/www.honda.es\/hondadreams\/wp-json\/wp\/v2\/types\/post"}],"author":[{"embeddable":true,"href":"https:\/\/www.honda.es\/hondadreams\/wp-json\/wp\/v2\/users\/3"}],"replies":[{"embeddable":true,"href":"https:\/\/www.honda.es\/hondadreams\/wp-json\/wp\/v2\/comments?post=4124"}],"version-history":[{"count":2,"href":"https:\/\/www.honda.es\/hondadreams\/wp-json\/wp\/v2\/posts\/4124\/revisions"}],"predecessor-version":[{"id":4126,"href":"https:\/\/www.honda.es\/hondadreams\/wp-json\/wp\/v2\/posts\/4124\/revisions\/4126"}],"wp:featuredmedia":[{"embeddable":true,"href":"https:\/\/www.honda.es\/hondadreams\/wp-json\/wp\/v2\/media\/4121"}],"wp:attachment":[{"href":"https:\/\/www.honda.es\/hondadreams\/wp-json\/wp\/v2\/media?parent=4124"}],"wp:term":[{"taxonomy":"category","embeddable":true,"href":"https:\/\/www.honda.es\/hondadreams\/wp-json\/wp\/v2\/categories?post=4124"}],"curies":[{"name":"wp","href":"https:\/\/api.w.org\/{rel}","templated":true}]}}