{"id":4132,"date":"2015-01-29T17:35:48","date_gmt":"2015-01-29T15:35:48","guid":{"rendered":"https:\/\/www.hondadreams.es\/?p=4132"},"modified":"2017-12-11T20:55:59","modified_gmt":"2017-12-11T18:55:59","slug":"mclaren-honda-regreso-a-las-pistas","status":"publish","type":"post","link":"https:\/\/www.honda.es\/hondadreams\/2015\/01\/29\/mclaren-honda-regreso-a-las-pistas\/","title":{"rendered":"McLaren-Honda: regreso a las pistas"},"content":{"rendered":"<p style=\"text-align: justify;\">Empieza la cuenta atr\u00e1s. Hoy, en el cuartel general del equipo McLaren-Honda en Woking (Reino Unido), se ha presentado el <strong>nuevo MP4-30<\/strong> con el que <strong>Fernando Alonso<\/strong> y <strong>Jenson Button<\/strong> van a competir en el campeonato de F\u00f3rmula 1 de 2015. El objetivo es claro: reeditar los \u00e9xitos alcanzados por el m\u00edtico t\u00e1ndem a finales de los a\u00f1os 80 y principios de los 90.<\/p>\n<p style=\"text-align: justify;\">Honda ha desarrollado un V6 con una cilindrada de 1.6 litros bajo el nombre RA615H, que quiere convertirse en el referente en esta competici\u00f3n.<\/p>\n<p style=\"text-align: justify;\">A la espera de empezar a rodar en los primeros test oficiales de esta temporada, en el Circuito de Jerez entre el 1 y el 4 de febrero, ya hemos podido ver la espectacular imagen de este monoplaza y ya conocemos cu\u00e1les ser\u00e1n los colores que acompa\u00f1ar\u00e1n a Fernando Alonso en las pr\u00f3ximas temporadas: el plata, el negro y el rojo.<\/p>\n<p style=\"text-align: justify;\">El temporizador est\u00e1 en marcha y se acerca la hora de la verdad, el sem\u00e1foro verde del Circuito Albert Park de Melbourne, entre los d\u00edas 13 y 15 de marzo, donde el MP4-30 debutar\u00e1 en la primera carrera de la categor\u00eda reina del automovilismo mundial. Mientras tanto aqu\u00ed ten\u00e9is el <a href=\"http:\/\/es.mclaren.com\/formula1\/coche\/?_ga=1.266266383.1864294270.1422541395\" target=\"_blank\">video<\/a> con el que hoy se ha revelado la imagen de este nuevo monoplaza llamado a hacer historia. #MakeHistory<\/p>\n<div id=\"attachment_4135\" style=\"width: 410px\" class=\"wp-caption aligncenter\"><img loading=\"lazy\" decoding=\"async\" aria-describedby=\"caption-attachment-4135\" class=\"size-medium wp-image-4135\" src=\"https:\/\/www.honda.es\/hondadreams\/wp-content\/uploads\/MP4-30-Overhead-400x600.jpg\" alt=\"MP4-30 \" width=\"400\" height=\"600\" \/><p id=\"caption-attachment-4135\" class=\"wp-caption-text\">MP4-30<\/p><\/div>\n","protected":false},"excerpt":{"rendered":"<p>Empieza la cuenta atr\u00e1s. Hoy, en el cuartel general del equipo McLaren-Honda en Woking (Reino&#8230;<\/p>\n","protected":false},"author":3,"featured_media":4141,"comment_status":"open","ping_status":"open","sticky":false,"template":"","format":"standard","meta":{"_acf_changed":false,"footnotes":""},"categories":[5,3,9],"class_list":["post-4132","post","type-post","status-publish","format-standard","has-post-thumbnail","hentry","category-competicion","category-innovacion","category-mundo-honda"],"acf":[],"_links":{"self":[{"href":"https:\/\/www.honda.es\/hondadreams\/wp-json\/wp\/v2\/posts\/4132","targetHints":{"allow":["GET"]}}],"collection":[{"href":"https:\/\/www.honda.es\/hondadreams\/wp-json\/wp\/v2\/posts"}],"about":[{"href":"https:\/\/www.honda.es\/hondadreams\/wp-json\/wp\/v2\/types\/post"}],"author":[{"embeddable":true,"href":"https:\/\/www.honda.es\/hondadreams\/wp-json\/wp\/v2\/users\/3"}],"replies":[{"embeddable":true,"href":"https:\/\/www.honda.es\/hondadreams\/wp-json\/wp\/v2\/comments?post=4132"}],"version-history":[{"count":5,"href":"https:\/\/www.honda.es\/hondadreams\/wp-json\/wp\/v2\/posts\/4132\/revisions"}],"predecessor-version":[{"id":4140,"href":"https:\/\/www.honda.es\/hondadreams\/wp-json\/wp\/v2\/posts\/4132\/revisions\/4140"}],"wp:featuredmedia":[{"embeddable":true,"href":"https:\/\/www.honda.es\/hondadreams\/wp-json\/wp\/v2\/media\/4141"}],"wp:attachment":[{"href":"https:\/\/www.honda.es\/hondadreams\/wp-json\/wp\/v2\/media?parent=4132"}],"wp:term":[{"taxonomy":"category","embeddable":true,"href":"https:\/\/www.honda.es\/hondadreams\/wp-json\/wp\/v2\/categories?post=4132"}],"curies":[{"name":"wp","href":"https:\/\/api.w.org\/{rel}","templated":true}]}}