{"id":4175,"date":"2015-02-11T11:08:56","date_gmt":"2015-02-11T09:08:56","guid":{"rendered":"https:\/\/www.hondadreams.es\/?p=4175"},"modified":"2017-12-11T20:55:58","modified_gmt":"2017-12-11T18:55:58","slug":"aerodinamica-al-servicio-de-la-conduccion-asi-es-el-nuevo-civic-type-r","status":"publish","type":"post","link":"https:\/\/www.honda.es\/hondadreams\/2015\/02\/11\/aerodinamica-al-servicio-de-la-conduccion-asi-es-el-nuevo-civic-type-r\/","title":{"rendered":"Aerodin\u00e1mica al servicio de la conducci\u00f3n. As\u00ed es el nuevo Civic Type R"},"content":{"rendered":"<p>Poco a poco la margarita se va deshojando y a medida que se acerca <a href=\"https:\/\/www.honda.es\/hondadreams\/2015\/01\/28\/honda-llega-a-ginebra-cargada-de-novedades\/\">el 85\u00ba Sal\u00f3n del Autom\u00f3vil de Ginebra<\/a> vamos conociendo m\u00e1s detalles del esperado Civic Type R. Tras <a href=\"http:\/\/www.youtube.com\/watch?v=LJla-AlnlqY\">o\u00edr su rugido<\/a> y descubrir <em><a href=\"https:\/\/www.honda.es\/hondadreams\/2014\/10\/30\/la-otra-cara-de-honda-pulsa-la-r-y-dirige-el-guion\/\">La otra cara<\/a>\u00a0<\/em>del Type R con un ingenioso v\u00eddeo promocional que nos permit\u00eda saltar entre historias, llegan m\u00e1s detalles del nuevo deportivo de Honda.<\/p>\n<div id=\"attachment_4168\" style=\"width: 610px\" class=\"wp-caption aligncenter\"><img loading=\"lazy\" decoding=\"async\" aria-describedby=\"caption-attachment-4168\" class=\"size-medium wp-image-4168\" src=\"https:\/\/www.honda.es\/hondadreams\/wp-content\/uploads\/84070-600x400.jpg\" alt=\"Detalle frontal Honda Civic Type R \" width=\"600\" height=\"400\" \/><p id=\"caption-attachment-4168\" class=\"wp-caption-text\">El nuevo Honda Civic Type R se presentar\u00e1 en el ic\u00f3nico color blanco Championship White<\/p><\/div>\n<p>La Compa\u00f1\u00eda ha dado a conocer m\u00e1s informaci\u00f3n acerca de la aerodin\u00e1mica del Civic Type R. Ya adelantamos que se trataba de un modelo de tracci\u00f3n delantera que incorpora un nuevo motor TURBO VTEC de inyecci\u00f3n directa de 2.0 litros, pero faltaba ver como afrontar\u00eda Honda el reto aerodin\u00e1mico de sacar todo el rendimiento a este motor. Y todo indica que lo ha hecho con nota, porque el nuevo modelo incorpora llamativas mejoras en el dise\u00f1o que le permiten alcanzar una velocidad m\u00e1xima de 270 km\/h (cifra incomparable con cualquiera de sus competidores). Todo ello, adem\u00e1s, manteniendo una estabilidad excepcional en altas velocidades y unos niveles superiores de carga aerodin\u00e1mica.<\/p>\n<h3><strong>Dise\u00f1o basado en el rendimiento<\/strong><\/h3>\n<p>\u00bfCu\u00e1les han sido las mejoras introducidas? En primer lugar, las salidas del aire. La nueva parte inferior, pr\u00e1cticamente plana, favorece el flujo de aire por debajo del veh\u00edculo que, combinado con un difusor trasero que optimiza la carga aerodin\u00e1mica, consigue un efecto \u201csucci\u00f3n\u201d en la carretera.<\/p>\n<p>La modificaci\u00f3n de los alerones tambi\u00e9n contribuye a perfeccionar el rendimiento aerodin\u00e1mico del nuevo Civic Type R. Se ha incorporado un spoiler trasero tipo ala que a\u00f1ade una importante carga aerodin\u00e1mica. La forma de los paragolpes delanteros, a su vez, se ha dise\u00f1ado espec\u00edficamente para inhibir las turbulencias del aire en las llantas delanteras, reduciendo la resistencia aerodin\u00e1mica y mejorando la estabilidad en las puntas de velocidad.<\/p>\n<div id=\"attachment_4169\" style=\"width: 610px\" class=\"wp-caption aligncenter\"><img loading=\"lazy\" decoding=\"async\" aria-describedby=\"caption-attachment-4169\" class=\"size-medium wp-image-4169\" src=\"https:\/\/www.honda.es\/hondadreams\/wp-content\/uploads\/20150202-600x400.jpg\" alt=\"Honda Civic Type R \" width=\"600\" height=\"400\" \/><p id=\"caption-attachment-4169\" class=\"wp-caption-text\">El nuevo Type R se ha dise\u00f1ado pensado en sacar el m\u00e1ximo rendimiento del coche<\/p><\/div>\n<p>Para controlar toda esta potencia, Honda ha equipado el Type R con frenos Brembo de alto rendimiento, dise\u00f1ados espec\u00edficamente para este modelo, en ambas ruedas delanteras. Del mismo modo, y para aumentar los niveles de refrigeraci\u00f3n y ventilaci\u00f3n del motor, a nivel externo, tambi\u00e9n se han hecho modificaciones como el aumento de la parrilla superior e inferior del paragolpes delantero y la combinaci\u00f3n de la salida de aire en los paneles laterales delanteros y la de los extremos de fuga de los pasos de rueda delanteros.<\/p>\n<p>Honda ha trabajado duro para que el nuevo Type R haga justicia al lema con el que lo bautizaron, \u201cel coche de competici\u00f3n para la carretera\u201d. Someter la aerodin\u00e1mica y ponerla al servicio de una conducci\u00f3n m\u00e1s pasional y emocionante ha supuesto muchos meses de pruebas en circuitos y t\u00faneles de viento. Tendremos que esperar unas semanas m\u00e1s a que Ginebra nos descubra un coche que est\u00e1 llamado a ser uno de los protagonistas del 2015.<\/p>\n","protected":false},"excerpt":{"rendered":"<p>Poco a poco la margarita se va deshojando y a medida que se acerca el&#8230;<\/p>\n","protected":false},"author":3,"featured_media":4168,"comment_status":"open","ping_status":"open","sticky":false,"template":"","format":"standard","meta":{"_acf_changed":false,"footnotes":""},"categories":[5,3,9],"class_list":["post-4175","post","type-post","status-publish","format-standard","has-post-thumbnail","hentry","category-competicion","category-innovacion","category-mundo-honda"],"acf":[],"_links":{"self":[{"href":"https:\/\/www.honda.es\/hondadreams\/wp-json\/wp\/v2\/posts\/4175","targetHints":{"allow":["GET"]}}],"collection":[{"href":"https:\/\/www.honda.es\/hondadreams\/wp-json\/wp\/v2\/posts"}],"about":[{"href":"https:\/\/www.honda.es\/hondadreams\/wp-json\/wp\/v2\/types\/post"}],"author":[{"embeddable":true,"href":"https:\/\/www.honda.es\/hondadreams\/wp-json\/wp\/v2\/users\/3"}],"replies":[{"embeddable":true,"href":"https:\/\/www.honda.es\/hondadreams\/wp-json\/wp\/v2\/comments?post=4175"}],"version-history":[{"count":2,"href":"https:\/\/www.honda.es\/hondadreams\/wp-json\/wp\/v2\/posts\/4175\/revisions"}],"predecessor-version":[{"id":4177,"href":"https:\/\/www.honda.es\/hondadreams\/wp-json\/wp\/v2\/posts\/4175\/revisions\/4177"}],"wp:featuredmedia":[{"embeddable":true,"href":"https:\/\/www.honda.es\/hondadreams\/wp-json\/wp\/v2\/media\/4168"}],"wp:attachment":[{"href":"https:\/\/www.honda.es\/hondadreams\/wp-json\/wp\/v2\/media?parent=4175"}],"wp:term":[{"taxonomy":"category","embeddable":true,"href":"https:\/\/www.honda.es\/hondadreams\/wp-json\/wp\/v2\/categories?post=4175"}],"curies":[{"name":"wp","href":"https:\/\/api.w.org\/{rel}","templated":true}]}}