{"id":4192,"date":"2015-02-16T11:19:38","date_gmt":"2015-02-16T09:19:38","guid":{"rendered":"https:\/\/www.hondadreams.es\/?p=4192"},"modified":"2016-09-07T11:30:37","modified_gmt":"2016-09-07T09:30:37","slug":"el-equipo-castrol-honda-preparado-para-la-temporada-2015-del-wtcc","status":"publish","type":"post","link":"https:\/\/www.honda.es\/hondadreams\/2015\/02\/16\/el-equipo-castrol-honda-preparado-para-la-temporada-2015-del-wtcc\/","title":{"rendered":"El equipo Castrol Honda, preparado para la temporada 2015 del WTCC"},"content":{"rendered":"<p style=\"text-align: justify;\">El equipo Castrol Honda WTCC ya est\u00e1 listo para enfrentarse a la temporada 2015 del Campeonato Mundial de Turismos, en el que ser\u00e1 su tercer a\u00f1o de competici\u00f3n.<\/p>\n<p style=\"text-align: justify;\">Tambi\u00e9n en esta ocasi\u00f3n ser\u00e1n el italiano Gabriele Tarquini y el portugu\u00e9s Tiago Monteiro quienes pilotar\u00e1n el Honda Civic WTCC, con el que en las dos temporadas anteriores consiguieron seis victorias y un t\u00edtulo mundial, y que para el 2015 promete ser m\u00e1s competitivo que nunca.<\/p>\n<p style=\"text-align: justify;\">Y es que tras los varios entrenamientos privados realizados en Valencia durante el mes enero, el equipo Castrol Honda y el Honda Civic WTCC han hecho su presentaci\u00f3n oficial en el Circuito de Catalunya en Montmel\u00f3, Barcelona, donde tambi\u00e9n han rodado en pista, superando as\u00ed su propio r\u00e9cord de entrenamientos oficiales antes del inicio de una temporada.<\/p>\n<div id=\"attachment_4194\" style=\"width: 610px\" class=\"wp-caption aligncenter\"><img loading=\"lazy\" decoding=\"async\" aria-describedby=\"caption-attachment-4194\" class=\"size-medium wp-image-4194\" src=\"https:\/\/www.honda.es\/hondadreams\/wp-content\/uploads\/2015_wtcc_test_days_catalunya_0374-600x399.jpg\" alt=\"Tests del WTCC en Catalunya \" width=\"600\" height=\"399\" \/><p id=\"caption-attachment-4194\" class=\"wp-caption-text\">Tests del WTCC en Catalunya<\/p><\/div>\n<p style=\"text-align: justify;\">Este a\u00f1o tambi\u00e9n habr\u00e1 otros pilotos de equipos privados al volante de un Civic luchando por el t\u00edtulo del Campeonato Mundial de Turismos 2015: Norbert Michelisz repite con Zengo Motorsport, mientras que Rickard Rydell regresa al WTCC con Nika International y Dusan Borkovic competir\u00e1 con Proteam Racing.<\/p>\n<div id=\"attachment_4195\" style=\"width: 610px\" class=\"wp-caption aligncenter\"><img loading=\"lazy\" decoding=\"async\" aria-describedby=\"caption-attachment-4195\" class=\"size-medium wp-image-4195\" src=\"https:\/\/www.honda.es\/hondadreams\/wp-content\/uploads\/2015_wtcc_test_days_catalunya_0806-600x399.jpg\" alt=\"Honda Racing presenta sus cinco pilotos para este 2015: Tiago Monteiro, Rickard Rydell, Gabriele Tarquini, Dusan Borkovic, Norbert Michelisz.\" width=\"600\" height=\"399\" \/><p id=\"caption-attachment-4195\" class=\"wp-caption-text\">Honda Racing presenta sus cinco pilotos para este 2015: Tiago Monteiro, Rickard Rydell, Gabriele Tarquini, Dusan Borkovic, Norbert Michelisz.<\/p><\/div>\n<p style=\"text-align: justify;\">La primera carrera del WTCC 2015 se disputar\u00e1 en Argentina, los d\u00edas 7 y 8 de marzo, en el Aut\u00f3dromo Termas de R\u00edo Hondo, en la que promete ser una emocionante temporada. \u00bfPreparado?<\/p>\n<p>&nbsp;<\/p>\n<div id=\"attachment_4193\" style=\"width: 610px\" class=\"wp-caption aligncenter\"><img loading=\"lazy\" decoding=\"async\" aria-describedby=\"caption-attachment-4193\" class=\"size-medium wp-image-4193\" src=\"https:\/\/www.honda.es\/hondadreams\/wp-content\/uploads\/2015_wtcc_test_days_catalunya_0253-600x399.jpg\" alt=\"Tests del WTCC en Catalunya\" width=\"600\" height=\"399\" \/><p id=\"caption-attachment-4193\" class=\"wp-caption-text\">Tests del WTCC en Catalunya<\/p><\/div>\n","protected":false},"excerpt":{"rendered":"<p>El equipo Castrol Honda WTCC ya est\u00e1 listo para enfrentarse a la temporada 2015 del&#8230;<\/p>\n","protected":false},"author":3,"featured_media":4196,"comment_status":"open","ping_status":"open","sticky":false,"template":"","format":"standard","meta":{"_acf_changed":false,"footnotes":""},"categories":[5,9],"class_list":["post-4192","post","type-post","status-publish","format-standard","has-post-thumbnail","hentry","category-competicion","category-mundo-honda"],"acf":[],"_links":{"self":[{"href":"https:\/\/www.honda.es\/hondadreams\/wp-json\/wp\/v2\/posts\/4192","targetHints":{"allow":["GET"]}}],"collection":[{"href":"https:\/\/www.honda.es\/hondadreams\/wp-json\/wp\/v2\/posts"}],"about":[{"href":"https:\/\/www.honda.es\/hondadreams\/wp-json\/wp\/v2\/types\/post"}],"author":[{"embeddable":true,"href":"https:\/\/www.honda.es\/hondadreams\/wp-json\/wp\/v2\/users\/3"}],"replies":[{"embeddable":true,"href":"https:\/\/www.honda.es\/hondadreams\/wp-json\/wp\/v2\/comments?post=4192"}],"version-history":[{"count":1,"href":"https:\/\/www.honda.es\/hondadreams\/wp-json\/wp\/v2\/posts\/4192\/revisions"}],"predecessor-version":[{"id":4197,"href":"https:\/\/www.honda.es\/hondadreams\/wp-json\/wp\/v2\/posts\/4192\/revisions\/4197"}],"wp:featuredmedia":[{"embeddable":true,"href":"https:\/\/www.honda.es\/hondadreams\/wp-json\/wp\/v2\/media\/4196"}],"wp:attachment":[{"href":"https:\/\/www.honda.es\/hondadreams\/wp-json\/wp\/v2\/media?parent=4192"}],"wp:term":[{"taxonomy":"category","embeddable":true,"href":"https:\/\/www.honda.es\/hondadreams\/wp-json\/wp\/v2\/categories?post=4192"}],"curies":[{"name":"wp","href":"https:\/\/api.w.org\/{rel}","templated":true}]}}