{"id":4642,"date":"2015-06-22T12:00:15","date_gmt":"2015-06-22T10:00:15","guid":{"rendered":"https:\/\/www.hondadreams.es\/?p=4642"},"modified":"2015-07-13T12:18:22","modified_gmt":"2015-07-13T10:18:22","slug":"wtcc-eslovaquia-puntos-puntos-y-mas-puntos-para-castrol-honda","status":"publish","type":"post","link":"https:\/\/www.honda.es\/hondadreams\/2015\/06\/22\/wtcc-eslovaquia-puntos-puntos-y-mas-puntos-para-castrol-honda\/","title":{"rendered":"WTCC Eslovaquia: puntos, puntos y m\u00e1s puntos para Castrol Honda"},"content":{"rendered":"<p>Gabriele Tarquini roz\u00f3 el podio con los dedos en la segunda carrera, pero al final no pudo ser. Eso s\u00ed, todos los pilotos hicieron un gran trabajo para que al equipo le llovieran los puntos en la sesi\u00f3n del Campeonato Mundial de Turismos (WTCC) de este fin de semana en Eslovaquia.<\/p>\n<p>Los dos Honda Civic salieron disparados de la l\u00ednea de salida en las dos carreras. La primera vio a un Gabriele Tarquini imparable, que ya antes de que terminara la primera vuelta hab\u00eda ganado tres posiciones, de 9\u00aa a 6\u00aa, tras enzarzarse con Huff y Valente.<\/p>\n<p style=\"text-align: center;\"><a href=\"https:\/\/www.honda.es\/hondadreams\/wp-content\/uploads\/2015_wtcc_slovakia_1109.jpg\"><img loading=\"lazy\" decoding=\"async\" class=\"alignnone size-full wp-image-4645\" src=\"https:\/\/www.honda.es\/hondadreams\/wp-content\/uploads\/2015_wtcc_slovakia_1109.jpg\" alt=\"2015 WTCC Bratislava - Slovakia\" width=\"2500\" height=\"1664\" \/><\/a><\/p>\n<p>Tiago Monteiro tampoco se qued\u00f3 corto y compens\u00f3 con creces el rev\u00e9s de las clasificatorias del s\u00e1bado. A pesar de salir desde la posici\u00f3n 17, y gracias a su impecable salida, corri\u00f3 gran parte de la carrera en el puesto 11, pis\u00e1ndole los talones a Norbert Michelisz, hasta que en la octava vuelta se cruz\u00f3 con la mala suerte y un pinchazo oblig\u00f3 al h\u00fangaro a retirarse. Tiago sigui\u00f3 empe\u00f1ado hasta terminar 8\u00aa.<\/p>\n<p>A los puntos de Gabriele y Monteiro se sumaron los del piloto argentino Nestor Girolami, que debutaba con el equipo sueco de Honda Racing y consigui\u00f3 una excelente 10\u00aa posici\u00f3n en su primera carrera de WTCC.<\/p>\n<p><a href=\"https:\/\/www.honda.es\/hondadreams\/wp-content\/uploads\/2015_wtcc_slovakia_1148.jpg\"><img loading=\"lazy\" decoding=\"async\" class=\"alignnone size-full wp-image-4647\" src=\"https:\/\/www.honda.es\/hondadreams\/wp-content\/uploads\/2015_wtcc_slovakia_1148.jpg\" alt=\"2015 WTCC Bratislava - Slovakia\" width=\"2500\" height=\"1664\" \/><\/a><\/p>\n<p>La segunda carrera tambi\u00e9n fue ajetreada. Tarquini sali\u00f3 como un rayo, se salv\u00f3 del drama de la primera curva y se situ\u00f3 sin pesta\u00f1ear a la cabeza de la carrera. Como es natural, las esperanzas se dispararon, pero al final no pudo mantener su posici\u00f3n frente a Sebastien Loeb, L\u00f3pez y Muller, y el italiano tuvo que conformarse con el cuarto puesto. \u201cNo me gusta empezar 2\u00ba y terminar 4\u00ba. Luch\u00e9 por el podio pero era muy dif\u00edcil mantenerme al frente\u201d, confes\u00f3 el italiano.<\/p>\n<p>Por su parte, Michelisz y Monteiro hicieron gran parte de la carrera juntos, y llegaron a la bandera de meta 8\u00ba y 9\u00ba respectivamente, garantizando los puntos. Girolami se qued\u00f3 a la puerta de los puntos, en 11\u00aa posici\u00f3n, no sin antes ser felicitado por la diestra maniobra que, aunque le hizo perder tiempo, le salv\u00f3 de un temprano contacto con Ma Qinghua.<\/p>\n<h3><strong>WTCC Campeonato Mundial de Turismos<br \/>\nRound 06: Eslovaquia<\/strong><\/h3>\n<p>Carrera 1<\/p>\n<table>\n<tbody>\n<tr>\n<td width=\"65\">Posici\u00f3n<\/td>\n<td width=\"397\">Piloto (Coche)<\/td>\n<\/tr>\n<tr>\n<td width=\"65\">1<\/td>\n<td width=\"397\">Yvan MULLER (Citroen C-Elysee WTCC)<\/td>\n<\/tr>\n<tr>\n<td width=\"65\">2<\/td>\n<td width=\"397\">Jose LOPEZ (Citroen C-Elysee WTCC)<\/td>\n<\/tr>\n<tr>\n<td width=\"65\">3<\/td>\n<td width=\"397\">Sebastien LOEB (Citroen C-Elysee WTCC)<\/td>\n<\/tr>\n<tr>\n<td width=\"65\">4<\/td>\n<td width=\"397\">Rob HUFF (LADA Granta 1.6T)<\/td>\n<\/tr>\n<tr>\n<td width=\"65\">5<\/td>\n<td width=\"397\">Hugo VALENTE (Chevrolet RML Cruze TC1)<\/td>\n<\/tr>\n<tr>\n<td width=\"65\">6<\/td>\n<td width=\"397\">Gabriele TARQUINI (Honda Civic WTCC)<\/td>\n<\/tr>\n<tr>\n<td width=\"65\">8<\/td>\n<td width=\"397\">Tiago MONTEIRO (Honda Civic WTCC)<\/td>\n<\/tr>\n<tr>\n<td width=\"65\">10<\/td>\n<td width=\"397\">Nestor GIROLAMI (Honda Civic WTCC)<\/td>\n<\/tr>\n<tr>\n<td width=\"65\">18<\/td>\n<td width=\"397\">Norbert MICHELISZ (Honda Civic WTCC)<\/td>\n<\/tr>\n<\/tbody>\n<\/table>\n<p>&nbsp;<\/p>\n<p>Carrera 2<\/p>\n<table>\n<tbody>\n<tr>\n<td width=\"64\">Posici\u00f3n<\/td>\n<td width=\"392\">Piloto (Coche)<\/td>\n<\/tr>\n<tr>\n<td width=\"64\">1<\/td>\n<td width=\"392\">Sebastien LOEB (Citroen C-Elysee WTCC)<\/td>\n<\/tr>\n<tr>\n<td width=\"64\">2<\/td>\n<td width=\"392\">Jose LOPEZ (Citroen C-Elysee WTCC)<\/td>\n<\/tr>\n<tr>\n<td width=\"64\">3<\/td>\n<td width=\"392\">Yvan MULLER (Citroen C-Elysee WTCC)<\/td>\n<\/tr>\n<tr>\n<td width=\"64\">4<\/td>\n<td width=\"392\">Gabriele TARQUINI (Honda Civic WTCC)<\/td>\n<\/tr>\n<tr>\n<td width=\"64\">5<\/td>\n<td width=\"392\">Hugo VALENTE (Chevrolet RML Cruze TC1)<\/td>\n<\/tr>\n<tr>\n<td width=\"64\">6<\/td>\n<td width=\"392\">Jaap Van Lagen (LADA Vesta)<\/td>\n<\/tr>\n<tr>\n<td width=\"64\">8<\/td>\n<td width=\"392\">Norbert MICHELISZ (Honda Civic WTCC)<\/td>\n<\/tr>\n<tr>\n<td width=\"64\">9<\/td>\n<td width=\"392\">Tiago MONTEIRO (Honda Civic WTCC)<\/td>\n<\/tr>\n<tr>\n<td width=\"64\">11<\/td>\n<td width=\"392\">Nestor GIROLAMI (Honda Civic WTCC)<\/td>\n<\/tr>\n<\/tbody>\n<\/table>\n","protected":false},"excerpt":{"rendered":"<p>Gabriele Tarquini roz\u00f3 el podio con los dedos en la segunda carrera, pero al final&#8230;<\/p>\n","protected":false},"author":2,"featured_media":4646,"comment_status":"open","ping_status":"open","sticky":false,"template":"","format":"standard","meta":{"_acf_changed":false,"footnotes":""},"categories":[5],"class_list":["post-4642","post","type-post","status-publish","format-standard","has-post-thumbnail","hentry","category-competicion"],"acf":[],"_links":{"self":[{"href":"https:\/\/www.honda.es\/hondadreams\/wp-json\/wp\/v2\/posts\/4642","targetHints":{"allow":["GET"]}}],"collection":[{"href":"https:\/\/www.honda.es\/hondadreams\/wp-json\/wp\/v2\/posts"}],"about":[{"href":"https:\/\/www.honda.es\/hondadreams\/wp-json\/wp\/v2\/types\/post"}],"author":[{"embeddable":true,"href":"https:\/\/www.honda.es\/hondadreams\/wp-json\/wp\/v2\/users\/2"}],"replies":[{"embeddable":true,"href":"https:\/\/www.honda.es\/hondadreams\/wp-json\/wp\/v2\/comments?post=4642"}],"version-history":[{"count":5,"href":"https:\/\/www.honda.es\/hondadreams\/wp-json\/wp\/v2\/posts\/4642\/revisions"}],"predecessor-version":[{"id":4656,"href":"https:\/\/www.honda.es\/hondadreams\/wp-json\/wp\/v2\/posts\/4642\/revisions\/4656"}],"wp:featuredmedia":[{"embeddable":true,"href":"https:\/\/www.honda.es\/hondadreams\/wp-json\/wp\/v2\/media\/4646"}],"wp:attachment":[{"href":"https:\/\/www.honda.es\/hondadreams\/wp-json\/wp\/v2\/media?parent=4642"}],"wp:term":[{"taxonomy":"category","embeddable":true,"href":"https:\/\/www.honda.es\/hondadreams\/wp-json\/wp\/v2\/categories?post=4642"}],"curies":[{"name":"wp","href":"https:\/\/api.w.org\/{rel}","templated":true}]}}