{"id":4649,"date":"2015-06-23T09:30:53","date_gmt":"2015-06-23T07:30:53","guid":{"rendered":"https:\/\/www.hondadreams.es\/?p=4649"},"modified":"2015-06-22T12:02:56","modified_gmt":"2015-06-22T10:02:56","slug":"gp-de-austria-otra-dura-prueba-al-teson-de-mclaren-honda","status":"publish","type":"post","link":"https:\/\/www.honda.es\/hondadreams\/2015\/06\/23\/gp-de-austria-otra-dura-prueba-al-teson-de-mclaren-honda\/","title":{"rendered":"GP de Austria: otra dura prueba al tes\u00f3n de McLaren- Honda"},"content":{"rendered":"<p>Empe\u00f1o. Confianza. Concentraci\u00f3n. Cuando te pones un reto ambicioso tienes que contar con las innumerables pruebas y obst\u00e1culos que tendr\u00e1s que superar hasta cumplir tu objetivo. Si mantienes el coraje y el tes\u00f3n, es cuesti\u00f3n de tiempo que llegues all\u00ed donde quer\u00edas llegar.<\/p>\n<p>El Gran Premio de Austria de este fin de semana fue otra dura jornada para McLaren-Honda, tras la cual s\u00f3lo queda repetir el mantra, a pesar de que a algunos se les haga repetitivo, y seguir trabajando.<\/p>\n<p style=\"text-align: center;\"><a href=\"https:\/\/www.honda.es\/hondadreams\/wp-content\/uploads\/GP-Austria-2.jpg\"><img loading=\"lazy\" decoding=\"async\" class=\"alignnone size-full wp-image-4651\" src=\"https:\/\/www.honda.es\/hondadreams\/wp-content\/uploads\/GP-Austria-2.jpg\" alt=\"GP Austria 2\" width=\"968\" height=\"632\" \/><\/a><\/p>\n<p>Fernando Alonso y Jenson Button salieron desde las posiciones 19 y 20 respectivamente, y en la octava vuelta ya estaban los dos fuera de la competici\u00f3n. Fernando sufri\u00f3 un espectacular choque en la primera vuelta, cuando Kimi Raikkonen perdi\u00f3 el control de su Ferrari al salir de la segunda curva. El Safety Car sali\u00f3 a la pista y Fernando se retir\u00f3: fin de la jornada.<\/p>\n<p>Jenson aprovech\u00f3 el tiempo del Safety Car para entrar en boxes y prepararse para hacer la carrera de un tir\u00f3n. Cumpli\u00f3 tambi\u00e9n con su penalizaci\u00f3n de 10 segundos establecida ayer. Todo parec\u00eda bien preparado para una carrera satisfactoria, hasta que los ingenieros le ordenaron la retirada: un fallo en el sensor del sistema de toma de aire oblig\u00f3 a tomar esta precauci\u00f3n. \u201cNo hab\u00eda nada roto en el coche, pero algo no iba bien\u201d, explic\u00f3 el brit\u00e1nico, \u201cpara este fin de semana instalamos un motor completamente nuevo, no conven\u00eda da\u00f1arlo innecesariamente\u201d.<\/p>\n<p style=\"text-align: center;\"><a href=\"https:\/\/www.honda.es\/hondadreams\/wp-content\/uploads\/GP-Austria-3.jpg\"><img loading=\"lazy\" decoding=\"async\" class=\"alignnone size-full wp-image-4650\" src=\"https:\/\/www.honda.es\/hondadreams\/wp-content\/uploads\/GP-Austria-3.jpg\" alt=\"GP Austria 3\" width=\"951\" height=\"602\" \/><\/a><\/p>\n<p>Tanto Fernando como Jenson son conscientes del papel clave que tienen sus palabras en mantener altos los \u00e1nimos de todas las personas que tienen detr\u00e1s. Jenson lo expres\u00f3 ayer as\u00ed: \u201cTodo el mundo en f\u00e1brica escucha nuestras entrevistas despu\u00e9s de la carrera, y tanto Fernando como yo queremos mantener a todos motivados. Estamos en una buena posici\u00f3n, porque sabemos de lo que este paquete tecnol\u00f3gico es capaz, as\u00ed que esperamos que nos mantengamos fuertes\u201d.<\/p>\n<p>Por su parte, Fernando a\u00f1adi\u00f3: \u201cLo \u00fanico que necesitamos para seguir adelante es trabajo en equipo\u201d. Y como si oyera la voz del or\u00e1culo concluy\u00f3: \u201csoy optimista porque s\u00e9 que nuestra suerte cambiar\u00e1 muy pronto\u201d. Hay que creer, no hay otro camino.<\/p>\n","protected":false},"excerpt":{"rendered":"<p>Empe\u00f1o. Confianza. Concentraci\u00f3n. Cuando te pones un reto ambicioso tienes que contar con las innumerables&#8230;<\/p>\n","protected":false},"author":2,"featured_media":4652,"comment_status":"open","ping_status":"open","sticky":false,"template":"","format":"standard","meta":{"_acf_changed":false,"footnotes":""},"categories":[5],"class_list":["post-4649","post","type-post","status-publish","format-standard","has-post-thumbnail","hentry","category-competicion"],"acf":[],"_links":{"self":[{"href":"https:\/\/www.honda.es\/hondadreams\/wp-json\/wp\/v2\/posts\/4649","targetHints":{"allow":["GET"]}}],"collection":[{"href":"https:\/\/www.honda.es\/hondadreams\/wp-json\/wp\/v2\/posts"}],"about":[{"href":"https:\/\/www.honda.es\/hondadreams\/wp-json\/wp\/v2\/types\/post"}],"author":[{"embeddable":true,"href":"https:\/\/www.honda.es\/hondadreams\/wp-json\/wp\/v2\/users\/2"}],"replies":[{"embeddable":true,"href":"https:\/\/www.honda.es\/hondadreams\/wp-json\/wp\/v2\/comments?post=4649"}],"version-history":[{"count":2,"href":"https:\/\/www.honda.es\/hondadreams\/wp-json\/wp\/v2\/posts\/4649\/revisions"}],"predecessor-version":[{"id":4654,"href":"https:\/\/www.honda.es\/hondadreams\/wp-json\/wp\/v2\/posts\/4649\/revisions\/4654"}],"wp:featuredmedia":[{"embeddable":true,"href":"https:\/\/www.honda.es\/hondadreams\/wp-json\/wp\/v2\/media\/4652"}],"wp:attachment":[{"href":"https:\/\/www.honda.es\/hondadreams\/wp-json\/wp\/v2\/media?parent=4649"}],"wp:term":[{"taxonomy":"category","embeddable":true,"href":"https:\/\/www.honda.es\/hondadreams\/wp-json\/wp\/v2\/categories?post=4649"}],"curies":[{"name":"wp","href":"https:\/\/api.w.org\/{rel}","templated":true}]}}