{"id":4755,"date":"2015-07-27T10:03:07","date_gmt":"2015-07-27T08:03:07","guid":{"rendered":"https:\/\/www.hondadreams.es\/?p=4755"},"modified":"2015-07-27T10:03:07","modified_gmt":"2015-07-27T08:03:07","slug":"gp-hungria-emotivo-homenaje-a-jules-y-doble-clasificacion-para-mclaren-honda","status":"publish","type":"post","link":"https:\/\/www.honda.es\/hondadreams\/2015\/07\/27\/gp-hungria-emotivo-homenaje-a-jules-y-doble-clasificacion-para-mclaren-honda\/","title":{"rendered":"GP Hungr\u00eda: emotivo homenaje a Jules y doble clasificaci\u00f3n para McLaren-Honda"},"content":{"rendered":"<p>Y el d\u00eda lleg\u00f3. Este fin de semana de Gran Premio en Hungr\u00eda, donde Fernando Alonso y Jenson Button cruzaron la l\u00ednea de meta en quinta y novena posici\u00f3n respectivamente, McLaren-Honda tuvo la mejor actuaci\u00f3n desde que empez\u00f3 la temporada. 12 puntos para el campeonato de fabricantes que supieron a gloria a cada uno de los miembros del equipo y a todos los fans que nos han apoyado hasta ahora.<\/p>\n<p>Despu\u00e9s de la primera ronda de paradas en boxes, Fernando se asent\u00f3 ya entre las 10 primeras posiciones. A\u00fan con un pinchazo y una visera obstruyendo el conducto de los frenos, consigui\u00f3 su mejor resultado de la temporada. La apuesta no poco arriesgada de cambiar a blandos en la tercera parada en pits fue determinante.<\/p>\n<p><a href=\"https:\/\/www.honda.es\/hondadreams\/wp-content\/uploads\/McLaren1.jpg\"><img loading=\"lazy\" decoding=\"async\" class=\"alignnone size-full wp-image-4757\" src=\"https:\/\/www.honda.es\/hondadreams\/wp-content\/uploads\/McLaren1.jpg\" alt=\"McLaren1\" width=\"1900\" height=\"714\" \/><\/a><\/p>\n<p>Jenson tambi\u00e9n obtuvo su resultado gracias a una combinaci\u00f3n de resoluci\u00f3n, concentraci\u00f3n para mantener el ritmo y confianza. Habilidades todas ellas que el equipo ha estado entrenando desde el comienzo de la temporada. Nada es en vano. Nunca.<\/p>\n<p>Fue una carrera loca llena de incidentes, contactos, sanciones y abandonos, en la que el equipo mantuvo la calma y tom\u00f3 las decisiones que requer\u00edan las circunstancias. Un momento perfecto para recoger el fruto del esfuerzo hecho durante esta dura primera mitad de la temporada e irse de vacaciones con las esperanzas renovadas.<\/p>\n<p><a href=\"https:\/\/www.honda.es\/hondadreams\/wp-content\/uploads\/McLaren2.jpg\"><img loading=\"lazy\" decoding=\"async\" class=\"alignnone size-full wp-image-4758\" src=\"https:\/\/www.honda.es\/hondadreams\/wp-content\/uploads\/McLaren2.jpg\" alt=\"McLaren2\" width=\"1898\" height=\"641\" \/><\/a><\/p>\n<p>Fue tambi\u00e9n un d\u00eda muy emotivo, que comenz\u00f3 con el minuto de silencio por la muerte de Jules Bianchi. Tras el accidente que sufri\u00f3 el 5 de octubre en Jap\u00f3n y largos meses de operaciones y espera, Bianchi muri\u00f3 el pasado 17 de julio. Es el primer accidente fatal en F1 desde la muerte de <a href=\"https:\/\/www.honda.es\/hondadreams\/2014\/05\/01\/20-anos-sin-ayrton-senna-homenaje-al-piloto-y-al-hombre\/\">Ayrton Senna<\/a> en 1994. Sebastian Vettel le dedic\u00f3 su victoria, pero la memoria del joven piloto franc\u00e9s estuvo en la pista y en los corazones de todos los pilotos durante toda la carrera.<\/p>\n<p>Como dijo Fernando, \u201choy hemos respetado a Jules y hemos respetado el deporte\u201d.<\/p>\n","protected":false},"excerpt":{"rendered":"<p>Y el d\u00eda lleg\u00f3. Este fin de semana de Gran Premio en Hungr\u00eda, donde Fernando&#8230;<\/p>\n","protected":false},"author":2,"featured_media":4756,"comment_status":"open","ping_status":"open","sticky":false,"template":"","format":"standard","meta":{"_acf_changed":false,"footnotes":""},"categories":[5],"class_list":["post-4755","post","type-post","status-publish","format-standard","has-post-thumbnail","hentry","category-competicion"],"acf":[],"_links":{"self":[{"href":"https:\/\/www.honda.es\/hondadreams\/wp-json\/wp\/v2\/posts\/4755","targetHints":{"allow":["GET"]}}],"collection":[{"href":"https:\/\/www.honda.es\/hondadreams\/wp-json\/wp\/v2\/posts"}],"about":[{"href":"https:\/\/www.honda.es\/hondadreams\/wp-json\/wp\/v2\/types\/post"}],"author":[{"embeddable":true,"href":"https:\/\/www.honda.es\/hondadreams\/wp-json\/wp\/v2\/users\/2"}],"replies":[{"embeddable":true,"href":"https:\/\/www.honda.es\/hondadreams\/wp-json\/wp\/v2\/comments?post=4755"}],"version-history":[{"count":1,"href":"https:\/\/www.honda.es\/hondadreams\/wp-json\/wp\/v2\/posts\/4755\/revisions"}],"predecessor-version":[{"id":4759,"href":"https:\/\/www.honda.es\/hondadreams\/wp-json\/wp\/v2\/posts\/4755\/revisions\/4759"}],"wp:featuredmedia":[{"embeddable":true,"href":"https:\/\/www.honda.es\/hondadreams\/wp-json\/wp\/v2\/media\/4756"}],"wp:attachment":[{"href":"https:\/\/www.honda.es\/hondadreams\/wp-json\/wp\/v2\/media?parent=4755"}],"wp:term":[{"taxonomy":"category","embeddable":true,"href":"https:\/\/www.honda.es\/hondadreams\/wp-json\/wp\/v2\/categories?post=4755"}],"curies":[{"name":"wp","href":"https:\/\/api.w.org\/{rel}","templated":true}]}}