{"id":5025,"date":"2015-10-12T13:00:33","date_gmt":"2015-10-12T11:00:33","guid":{"rendered":"https:\/\/www.hondadreams.es\/?p=5025"},"modified":"2015-10-13T13:07:18","modified_gmt":"2015-10-13T11:07:18","slug":"puntos-para-mclaren-honda-en-el-gp-de-rusia","status":"publish","type":"post","link":"https:\/\/www.honda.es\/hondadreams\/2015\/10\/12\/puntos-para-mclaren-honda-en-el-gp-de-rusia\/","title":{"rendered":"Puntos para McLaren-Honda en el GP de Rusia"},"content":{"rendered":"<p>Dicen que para terminar el primero, primero tienes que terminar. Y ah\u00ed estamos. Este fin de semana en el GP de Rusia, los pilotos de McLaren- Honda no se subieron al podio, pero corrieron bien y terminaron en un circuito que no est\u00e1 entre los m\u00e1s amigables para el equipo. \u201cFue una bonita sorpresa\u201d, confes\u00f3 Fernando Alonso. Paso a paso.<\/p>\n<div id=\"attachment_5026\" style=\"width: 610px\" class=\"wp-caption aligncenter\"><img loading=\"lazy\" decoding=\"async\" aria-describedby=\"caption-attachment-5026\" class=\"size-medium wp-image-5026\" src=\"https:\/\/www.honda.es\/hondadreams\/wp-content\/uploads\/2015-Russian-GP-012-600x400.jpg\" alt=\"Fernando Alonso celebr\u00f3  en Rusia su GP n\u00famero 250\" width=\"600\" height=\"400\" \/><p id=\"caption-attachment-5026\" class=\"wp-caption-text\">Fernando Alonso celebr\u00f3 en Rusia su GP n\u00famero 250<\/p><\/div>\n<p>El resultado fueron dos puntos para McLaren-Honda. Jenson Button se las apa\u00f1\u00f3 para sacar ventaja del caos que se vivi\u00f3 durante las \u00faltimas vueltas y lleg\u00f3 9\u00ba. Fernando lleg\u00f3 justo detr\u00e1s, en 10\u00aa posici\u00f3n, pero despu\u00e9s lo bajaron a 11\u00aa por recortar en las curvas.<\/p>\n<p>\u201cHoy lo hicimos todo bien, lo hicimos lo mejor que pudimos, y nos llevamos a casa algunos puntos\u201d, coment\u00f3 con humildad Jenson. Eric Boullier, director de carreras de McLaren-Honda, le respald\u00f3 con el mismo tono: \u00abraramente, si es que ha ocurrido alguna vez, fueron dos puntos del campeonato mundial m\u00e1s dif\u00edcilmente ganados, o m\u00e1s altamente merecidos\u00bb.<\/p>\n<p>Los dos pilotos corrieron entre los 10 primeros durante gran parte de la carrera. La retirada, ya con la carrera bien avanzada, de Carlos Sainz Jr., Daniel Ricciardo y Valtteri Bottas consolid\u00f3 su posici\u00f3n para entrar en puntos.<\/p>\n<div id=\"attachment_5027\" style=\"width: 610px\" class=\"wp-caption aligncenter\"><img loading=\"lazy\" decoding=\"async\" aria-describedby=\"caption-attachment-5027\" class=\"size-medium wp-image-5027\" src=\"https:\/\/www.honda.es\/hondadreams\/wp-content\/uploads\/2015-Russian-GP-050-600x367.jpg\" alt=\"Encomiable carrera de los dos Honda en Rusia, que terminaron en 9\u00aa y 11\u00aa posici\u00f3n\" width=\"600\" height=\"367\" \/><p id=\"caption-attachment-5027\" class=\"wp-caption-text\">Encomiable carrera de los dos Honda en Rusia, que terminaron en 9\u00aa y 11\u00aa posici\u00f3n<\/p><\/div>\n<p>El equipo al completo se fue a casa satisfecho. Yasuhisa Arai, Director Ejecutivo de Deportes de Motor en Honda R&amp;D Co Ltd, no escondi\u00f3 lo orgulloso que se sent\u00eda: \u00abestoy contento de que los dos coches llegaran a meta en una carrera tan ca\u00f3tica\u00bb. \u00abHubo dos incidentes que necesitaron Safety Cars y muchas m\u00e1s retiradas\u00bb, a\u00f1adi\u00f3, para acto seguido recordar que el resultado de este fin de semana es \u00abuna buena motivaci\u00f3n para mejorar antes del siguiente GP, en los Estados Unidos\u00bb. Sin duda lo es.<\/p>\n","protected":false},"excerpt":{"rendered":"<p>Dicen que para terminar el primero, primero tienes que terminar. Y ah\u00ed estamos. Este fin&#8230;<\/p>\n","protected":false},"author":3,"featured_media":5028,"comment_status":"open","ping_status":"open","sticky":false,"template":"","format":"standard","meta":{"_acf_changed":false,"footnotes":""},"categories":[1],"class_list":["post-5025","post","type-post","status-publish","format-standard","has-post-thumbnail","hentry","category-general"],"acf":[],"_links":{"self":[{"href":"https:\/\/www.honda.es\/hondadreams\/wp-json\/wp\/v2\/posts\/5025","targetHints":{"allow":["GET"]}}],"collection":[{"href":"https:\/\/www.honda.es\/hondadreams\/wp-json\/wp\/v2\/posts"}],"about":[{"href":"https:\/\/www.honda.es\/hondadreams\/wp-json\/wp\/v2\/types\/post"}],"author":[{"embeddable":true,"href":"https:\/\/www.honda.es\/hondadreams\/wp-json\/wp\/v2\/users\/3"}],"replies":[{"embeddable":true,"href":"https:\/\/www.honda.es\/hondadreams\/wp-json\/wp\/v2\/comments?post=5025"}],"version-history":[{"count":1,"href":"https:\/\/www.honda.es\/hondadreams\/wp-json\/wp\/v2\/posts\/5025\/revisions"}],"predecessor-version":[{"id":5029,"href":"https:\/\/www.honda.es\/hondadreams\/wp-json\/wp\/v2\/posts\/5025\/revisions\/5029"}],"wp:featuredmedia":[{"embeddable":true,"href":"https:\/\/www.honda.es\/hondadreams\/wp-json\/wp\/v2\/media\/5028"}],"wp:attachment":[{"href":"https:\/\/www.honda.es\/hondadreams\/wp-json\/wp\/v2\/media?parent=5025"}],"wp:term":[{"taxonomy":"category","embeddable":true,"href":"https:\/\/www.honda.es\/hondadreams\/wp-json\/wp\/v2\/categories?post=5025"}],"curies":[{"name":"wp","href":"https:\/\/api.w.org\/{rel}","templated":true}]}}