{"id":5069,"date":"2015-10-26T13:30:17","date_gmt":"2015-10-26T11:30:17","guid":{"rendered":"https:\/\/www.hondadreams.es\/?p=5069"},"modified":"2015-11-30T12:01:24","modified_gmt":"2015-11-30T10:01:24","slug":"gp-de-ee-uu-mejoras-en-la-pista-y-puntos-para-mclaren-honda","status":"publish","type":"post","link":"https:\/\/www.honda.es\/hondadreams\/2015\/10\/26\/gp-de-ee-uu-mejoras-en-la-pista-y-puntos-para-mclaren-honda\/","title":{"rendered":"GP de EE.UU: Mejoras en la pista y puntos para McLaren-Honda"},"content":{"rendered":"<p>Jenson Button prob\u00f3 en el Gran Premio de F1 de este fin de semana, que la confianza y la persistencia, con el tiempo, dan su resultado. En una carrera perfecta desde el punto de vista de la estrategia, Jenson corri\u00f3 hasta llegar s\u00e9ptimo a la bandera de cuadros. Adem\u00e1s, la penalizaci\u00f3n de 5 segundos a Carlos Sainz lo elev\u00f3 a sexta posici\u00f3n, su mejor resultado de la temporada.<\/p>\n<p>Jenson fue el primer piloto en conseguir que los neum\u00e1ticos Option respondieran sobre el asfalto h\u00famedo, lo que sin duda le ayud\u00f3 a terminar entre los 10 primeros. La segunda parada en boxes, durante el Safety Car, consolid\u00f3 su posici\u00f3n, pero fue su insistencia en hacer una tercera parada para prevenir el desgaste de los neum\u00e1ticos la que termin\u00f3 de apuntalar su carrera: de quinta posici\u00f3n pas\u00f3 a octava, pero recuper\u00f3 posiciones r\u00e1pidamente gracias a los nuevos neum\u00e1ticos.<\/p>\n<p>A Fernando Alonso no le fue tan bien, aunque luch\u00f3 duramente en la que el mismo describi\u00f3 como \u00abuna de las mejores carreras de mi vida\u00bb. Comenz\u00f3 con mal pie al verse atrapado por el derrape de Felipe Massa antes de llegar a la primera curva y, despu\u00e9s de renquear hasta boxes para instalar un juego nuevo de Insters, sali\u00f3 bien atr\u00e1s en la parrilla. Pero todo perdido es todo por ganar, y cuando el Safety Car sali\u00f3 a recoger el Sauber accidentado de Marcus Ericsson, Fernando aprovech\u00f3 para recuperarse y comenzar a atacar desde detr\u00e1s del pelot\u00f3n.<\/p>\n<div id=\"attachment_5070\" style=\"width: 590px\" class=\"wp-caption aligncenter\"><img loading=\"lazy\" decoding=\"async\" aria-describedby=\"caption-attachment-5070\" class=\"size-full wp-image-5070\" src=\"https:\/\/www.honda.es\/hondadreams\/wp-content\/uploads\/hondagp-3.jpg\" alt=\"Fernando Alonso remont\u00f3 posiciones y termin\u00f3 en una meritoria s\u00e9ptima posici\u00f3n\" width=\"580\" height=\"387\" \/><p id=\"caption-attachment-5070\" class=\"wp-caption-text\">Fernando Alonso remont\u00f3 posiciones y termin\u00f3 en una meritoria 11\u00aa\u00a0posici\u00f3n<\/p><\/div>\n<p>Imparable como de costumbre, Fernando consigui\u00f3 situarse entre los cinco primeros. Sin embargo,\u00a0 claramente la suerte no estaba de su lado este fin de semana. Una repentina p\u00e9rdida de potencia, quiz\u00e1 causada por un problema en los sensores del sistema de combustible, lo releg\u00f3 otra vez a la \u00faltima fila. En la \u00faltima vuelta, con el adelanto de Daniel Ricciardo, vio c\u00f3mo se le iba de las manos la d\u00e9cima posici\u00f3n. Fernando termin\u00f3 la ajetreada carrera en onceaba posici\u00f3n, separado de los puntos\u00a0por un minuto y medio.<\/p>\n<p>A pesar de todo, el asturiano finaliz\u00f3 la jornada estadounidense orgulloso de s\u00ed mismo, y con raz\u00f3n. \u00abPasar de correr un minuto por detr\u00e1s del pen\u00faltimo coche en la segunda vuelta a correr por delante en la quinta posici\u00f3n con s\u00f3lo 10 vueltas para terminar fue toda una proeza\u00bb, explic\u00f3. Aunque, como es natural, el problema mec\u00e1nico tras la haza\u00f1a supo a\u00fan m\u00e1s amargo que de costumbre: \u00abMis sentimientos tras la carrera eran m\u00e1s de tristeza que de alegr\u00eda\u00bb, confes\u00f3.<\/p>\n<div id=\"attachment_5072\" style=\"width: 590px\" class=\"wp-caption aligncenter\"><img loading=\"lazy\" decoding=\"async\" aria-describedby=\"caption-attachment-5072\" class=\"size-full wp-image-5072\" src=\"https:\/\/www.honda.es\/hondadreams\/wp-content\/uploads\/hondagp-4.jpg\" alt=\"Jenson Button culmin\u00f3 un buen fin de semana para el equipo McLaren-Honda\" width=\"580\" height=\"386\" \/><p id=\"caption-attachment-5072\" class=\"wp-caption-text\">Jenson Button culmin\u00f3 un buen fin de semana para el equipo McLaren-Honda<\/p><\/div>\n<p>El equipo al completo termin\u00f3 el fin de semana con un sentimiento entre la satisfacci\u00f3n y la alegr\u00eda. \u00abEn McLaren no solemos celebrar peque\u00f1as victorias, pero el resultado de Jenson de hoy es uno de los mejores de la temporada hasta ahora, y en este sentido podemos permitirnos estar contentos, si no satisfechos\u00bb, explic\u00f3 Eric Boullier, director de carreras de McLaren-Honda.<\/p>\n<p>Finalmente, como el resto del equipo, queremos terminar este post con un gran \u00ab\u00a1BRAVO, LEWIS!\u00bb. El piloto Lewis Hamilton gan\u00f3 su tercer campeonato mundial este domingo, tras una temporada perfecta.<\/p>\n","protected":false},"excerpt":{"rendered":"<p>Jenson Button prob\u00f3 en el Gran Premio de F1 de este fin de semana, que&#8230;<\/p>\n","protected":false},"author":3,"featured_media":5073,"comment_status":"open","ping_status":"open","sticky":false,"template":"","format":"standard","meta":{"_acf_changed":false,"footnotes":""},"categories":[5],"class_list":["post-5069","post","type-post","status-publish","format-standard","has-post-thumbnail","hentry","category-competicion"],"acf":[],"_links":{"self":[{"href":"https:\/\/www.honda.es\/hondadreams\/wp-json\/wp\/v2\/posts\/5069","targetHints":{"allow":["GET"]}}],"collection":[{"href":"https:\/\/www.honda.es\/hondadreams\/wp-json\/wp\/v2\/posts"}],"about":[{"href":"https:\/\/www.honda.es\/hondadreams\/wp-json\/wp\/v2\/types\/post"}],"author":[{"embeddable":true,"href":"https:\/\/www.honda.es\/hondadreams\/wp-json\/wp\/v2\/users\/3"}],"replies":[{"embeddable":true,"href":"https:\/\/www.honda.es\/hondadreams\/wp-json\/wp\/v2\/comments?post=5069"}],"version-history":[{"count":1,"href":"https:\/\/www.honda.es\/hondadreams\/wp-json\/wp\/v2\/posts\/5069\/revisions"}],"predecessor-version":[{"id":5074,"href":"https:\/\/www.honda.es\/hondadreams\/wp-json\/wp\/v2\/posts\/5069\/revisions\/5074"}],"wp:featuredmedia":[{"embeddable":true,"href":"https:\/\/www.honda.es\/hondadreams\/wp-json\/wp\/v2\/media\/5073"}],"wp:attachment":[{"href":"https:\/\/www.honda.es\/hondadreams\/wp-json\/wp\/v2\/media?parent=5069"}],"wp:term":[{"taxonomy":"category","embeddable":true,"href":"https:\/\/www.honda.es\/hondadreams\/wp-json\/wp\/v2\/categories?post=5069"}],"curies":[{"name":"wp","href":"https:\/\/api.w.org\/{rel}","templated":true}]}}