{"id":509,"date":"2013-03-25T11:19:05","date_gmt":"2013-03-25T11:19:05","guid":{"rendered":"https:\/\/www.hondadreams.es\/?p=509"},"modified":"2013-04-02T11:20:59","modified_gmt":"2013-04-02T11:20:59","slug":"honda-civic-wtcc-primera-carrera-primer-podio","status":"publish","type":"post","link":"https:\/\/www.honda.es\/hondadreams\/2013\/03\/25\/honda-civic-wtcc-primera-carrera-primer-podio\/","title":{"rendered":"Honda Civic WTCC: primera carrera, primer podio"},"content":{"rendered":"<p>El <a href=\"https:\/\/www.honda.es\/hondadreams\/2013\/03\/22\/castrol-se-une-a-honda-en-el-campeonato-mundial-de-turismos-2013\/\">equipo Castrol Honda<\/a> WTCC ha alcanzado <a href=\"http:\/\/www.fiawtcc.com\/events?idEvent=148\">el primer podio<\/a> de la temporada en el circuito italiano de Monza. Gabriele Tarquini qued\u00f3 en tercera posici\u00f3n en la segunda carrera de las dos que componen la prueba que ha abierto la presente edici\u00f3n del Campeonato. En la misma carrera su compa\u00f1ero de equipo, el portugu\u00e9s Tiago Monteiro, termin\u00f3 en octava posici\u00f3n.<\/p>\n<p>En la primera carrera de las dos disputadas en Monza, Tarquini roz\u00f3 el podio al quedar en cuarta posici\u00f3n a tan solo tres segundos del tercer puesto. En esta ocasi\u00f3n, su compa\u00f1ero Monteiro le sigui\u00f3 con un quinto puesto.<\/p>\n<p>Las carreras de Monza se han caracterizado por una persistente lluvia que ha obligado a los pilotos a conducir en condiciones extremas y que han provocado varios accidentes.<\/p>\n<p>El debut para el equipo Castrol Honda WTCC ha sido excelente y hace pensar en que los objetivos de este campeonato est\u00e1n a su alcance. Ambos pilotos han destacado el buen comportamiento y la competitividad del Honda Civic WTCC.<\/p>\n<p>Tarquini es tercero en el campeonato de pilotos del WTCC con 28 puntos, Monteiro es s\u00e9ptimo con 14 puntos y Honda lidera el <a href=\"http:\/\/www.fiawtcc.com\/\">campeonato WTCC<\/a> de fabricantes con 95 puntos. La pr\u00f3xima prueba tendr\u00e1 lugar en Marrakech (Marruecos) los d\u00edas 6 y 7 de abril.<\/p>\n<p><a href=\"https:\/\/www.honda.es\/hondadreams\/wp-content\/uploads\/18944_HONDA_CIVIC_TAKES_FIRST_WTCC_PODIUM_AT_MONZA.jpg\"><img loading=\"lazy\" decoding=\"async\" class=\"aligncenter\" alt=\"2013 wtcc monza italy\" src=\"https:\/\/www.honda.es\/hondadreams\/wp-content\/uploads\/18944_HONDA_CIVIC_TAKES_FIRST_WTCC_PODIUM_AT_MONZA-399x600.jpg\" width=\"399\" height=\"600\" \/><\/a><\/p>\n","protected":false},"excerpt":{"rendered":"<p>El equipo Castrol Honda WTCC ha alcanzado el primer podio de la temporada en el&#8230;<\/p>\n","protected":false},"author":2,"featured_media":516,"comment_status":"open","ping_status":"open","sticky":false,"template":"","format":"standard","meta":{"_acf_changed":false,"footnotes":""},"categories":[5],"class_list":["post-509","post","type-post","status-publish","format-standard","has-post-thumbnail","hentry","category-competicion"],"acf":[],"_links":{"self":[{"href":"https:\/\/www.honda.es\/hondadreams\/wp-json\/wp\/v2\/posts\/509","targetHints":{"allow":["GET"]}}],"collection":[{"href":"https:\/\/www.honda.es\/hondadreams\/wp-json\/wp\/v2\/posts"}],"about":[{"href":"https:\/\/www.honda.es\/hondadreams\/wp-json\/wp\/v2\/types\/post"}],"author":[{"embeddable":true,"href":"https:\/\/www.honda.es\/hondadreams\/wp-json\/wp\/v2\/users\/2"}],"replies":[{"embeddable":true,"href":"https:\/\/www.honda.es\/hondadreams\/wp-json\/wp\/v2\/comments?post=509"}],"version-history":[{"count":11,"href":"https:\/\/www.honda.es\/hondadreams\/wp-json\/wp\/v2\/posts\/509\/revisions"}],"predecessor-version":[{"id":514,"href":"https:\/\/www.honda.es\/hondadreams\/wp-json\/wp\/v2\/posts\/509\/revisions\/514"}],"wp:featuredmedia":[{"embeddable":true,"href":"https:\/\/www.honda.es\/hondadreams\/wp-json\/wp\/v2\/media\/516"}],"wp:attachment":[{"href":"https:\/\/www.honda.es\/hondadreams\/wp-json\/wp\/v2\/media?parent=509"}],"wp:term":[{"taxonomy":"category","embeddable":true,"href":"https:\/\/www.honda.es\/hondadreams\/wp-json\/wp\/v2\/categories?post=509"}],"curies":[{"name":"wp","href":"https:\/\/api.w.org\/{rel}","templated":true}]}}