{"id":5140,"date":"2015-11-06T13:24:22","date_gmt":"2015-11-06T11:24:22","guid":{"rendered":"https:\/\/www.hondadreams.es\/?p=5140"},"modified":"2015-11-06T13:28:47","modified_gmt":"2015-11-06T11:28:47","slug":"lo-mejor-de-honda-en-el-salon-de-tokio-2015-en-imagenes","status":"publish","type":"post","link":"https:\/\/www.honda.es\/hondadreams\/2015\/11\/06\/lo-mejor-de-honda-en-el-salon-de-tokio-2015-en-imagenes\/","title":{"rendered":"Lo mejor de Honda en el Sal\u00f3n de Tokio 2015 en im\u00e1genes"},"content":{"rendered":"<p>Honda desembarc\u00f3 en el Sal\u00f3n de Tokio 2015 con un abanico de novedades a nivel mundial, como el Clarity Fuel Cell o los nuevos motores del Civic para el 2017, y tambi\u00e9n para el mercado asi\u00e1tico, como las propuestas de movilidad personal o la versi\u00f3n para el mercado japon\u00e9s del Civic Type R.<\/p>\n","protected":false},"excerpt":{"rendered":"<p>Honda desembarc\u00f3 en el Sal\u00f3n de Tokio 2015 con un abanico de novedades a nivel&#8230;<\/p>\n","protected":false},"author":3,"featured_media":5130,"comment_status":"open","ping_status":"open","sticky":false,"template":"","format":"gallery","meta":{"_acf_changed":false,"footnotes":""},"categories":[9,11],"class_list":["post-5140","post","type-post","status-publish","format-gallery","has-post-thumbnail","hentry","category-mundo-honda","category-novedades","post_format-post-format-gallery"],"acf":[],"_links":{"self":[{"href":"https:\/\/www.honda.es\/hondadreams\/wp-json\/wp\/v2\/posts\/5140","targetHints":{"allow":["GET"]}}],"collection":[{"href":"https:\/\/www.honda.es\/hondadreams\/wp-json\/wp\/v2\/posts"}],"about":[{"href":"https:\/\/www.honda.es\/hondadreams\/wp-json\/wp\/v2\/types\/post"}],"author":[{"embeddable":true,"href":"https:\/\/www.honda.es\/hondadreams\/wp-json\/wp\/v2\/users\/3"}],"replies":[{"embeddable":true,"href":"https:\/\/www.honda.es\/hondadreams\/wp-json\/wp\/v2\/comments?post=5140"}],"version-history":[{"count":1,"href":"https:\/\/www.honda.es\/hondadreams\/wp-json\/wp\/v2\/posts\/5140\/revisions"}],"predecessor-version":[{"id":5143,"href":"https:\/\/www.honda.es\/hondadreams\/wp-json\/wp\/v2\/posts\/5140\/revisions\/5143"}],"wp:featuredmedia":[{"embeddable":true,"href":"https:\/\/www.honda.es\/hondadreams\/wp-json\/wp\/v2\/media\/5130"}],"wp:attachment":[{"href":"https:\/\/www.honda.es\/hondadreams\/wp-json\/wp\/v2\/media?parent=5140"}],"wp:term":[{"taxonomy":"category","embeddable":true,"href":"https:\/\/www.honda.es\/hondadreams\/wp-json\/wp\/v2\/categories?post=5140"}],"curies":[{"name":"wp","href":"https:\/\/api.w.org\/{rel}","templated":true}]}}