{"id":5534,"date":"2016-03-18T10:30:19","date_gmt":"2016-03-18T08:30:19","guid":{"rendered":"https:\/\/www.hondadreams.es\/?p=5534"},"modified":"2016-08-29T12:50:16","modified_gmt":"2016-08-29T10:50:16","slug":"marquez-pedrosa-y-malikian-la-suma-de-talentos","status":"publish","type":"post","link":"https:\/\/www.honda.es\/hondadreams\/2016\/03\/18\/marquez-pedrosa-y-malikian-la-suma-de-talentos\/","title":{"rendered":"M\u00e1rquez, Pedrosa y Malikian: la suma de talentos"},"content":{"rendered":"<p>Se acerca un fin de semana de arranques. De nuevas temporadas, de competici\u00f3n, de motores y de asfalto. Y para acompa\u00f1ar la espera cerramos la semana con este genial v\u00eddeo del equipo Repsol Honda en el que Marc M\u00e1rquez, Dani Pedrosa y el violinista y compositor Ara Malikian dan prueba de lo que puede alcanzar la suma de talentos. \u00a1Mucha suerte a todos los pilotos\u00a0 Honda, en <em>dos y cuatro ruedas, <\/em>para este inicio de temporada 2016 desde Australia y Qatar!<\/p>\n<p><img loading=\"lazy\" decoding=\"async\" class=\"aligncenter  wp-image-5535\" src=\"https:\/\/www.honda.es\/hondadreams\/wp-content\/uploads\/foto-2-600x261.jpg\" alt=\"foto 2\" width=\"593\" height=\"258\" \/><\/p>\n<p><img loading=\"lazy\" decoding=\"async\" class=\"aligncenter  wp-image-5536\" src=\"https:\/\/www.honda.es\/hondadreams\/wp-content\/uploads\/foto-1-600x260.jpg\" alt=\"foto 1\" width=\"595\" height=\"258\" \/><\/p>\n<p><img loading=\"lazy\" decoding=\"async\" class=\"aligncenter size-medium wp-image-5541\" src=\"https:\/\/www.honda.es\/hondadreams\/wp-content\/uploads\/foto-3-600x269.jpg\" alt=\"foto 3\" width=\"600\" height=\"269\" \/><\/p>\n","protected":false},"excerpt":{"rendered":"<p>Se acerca un fin de semana de arranques. De nuevas temporadas, de competici\u00f3n, de motores&#8230;<\/p>\n","protected":false},"author":3,"featured_media":5541,"comment_status":"open","ping_status":"open","sticky":false,"template":"","format":"video","meta":{"_acf_changed":false,"footnotes":""},"categories":[5],"class_list":["post-5534","post","type-post","status-publish","format-video","has-post-thumbnail","hentry","category-competicion","post_format-post-format-video"],"acf":[],"_links":{"self":[{"href":"https:\/\/www.honda.es\/hondadreams\/wp-json\/wp\/v2\/posts\/5534","targetHints":{"allow":["GET"]}}],"collection":[{"href":"https:\/\/www.honda.es\/hondadreams\/wp-json\/wp\/v2\/posts"}],"about":[{"href":"https:\/\/www.honda.es\/hondadreams\/wp-json\/wp\/v2\/types\/post"}],"author":[{"embeddable":true,"href":"https:\/\/www.honda.es\/hondadreams\/wp-json\/wp\/v2\/users\/3"}],"replies":[{"embeddable":true,"href":"https:\/\/www.honda.es\/hondadreams\/wp-json\/wp\/v2\/comments?post=5534"}],"version-history":[{"count":3,"href":"https:\/\/www.honda.es\/hondadreams\/wp-json\/wp\/v2\/posts\/5534\/revisions"}],"predecessor-version":[{"id":5542,"href":"https:\/\/www.honda.es\/hondadreams\/wp-json\/wp\/v2\/posts\/5534\/revisions\/5542"}],"wp:featuredmedia":[{"embeddable":true,"href":"https:\/\/www.honda.es\/hondadreams\/wp-json\/wp\/v2\/media\/5541"}],"wp:attachment":[{"href":"https:\/\/www.honda.es\/hondadreams\/wp-json\/wp\/v2\/media?parent=5534"}],"wp:term":[{"taxonomy":"category","embeddable":true,"href":"https:\/\/www.honda.es\/hondadreams\/wp-json\/wp\/v2\/categories?post=5534"}],"curies":[{"name":"wp","href":"https:\/\/api.w.org\/{rel}","templated":true}]}}