{"id":5573,"date":"2016-04-11T15:09:36","date_gmt":"2016-04-11T13:09:36","guid":{"rendered":"https:\/\/www.hondadreams.es\/?p=5573"},"modified":"2016-08-29T12:47:32","modified_gmt":"2016-08-29T10:47:32","slug":"marc-marquez-afianza-su-liderato-con-la-victoria-en-las-americas","status":"publish","type":"post","link":"https:\/\/www.honda.es\/hondadreams\/2016\/04\/11\/marc-marquez-afianza-su-liderato-con-la-victoria-en-las-americas\/","title":{"rendered":"Marc M\u00e1rquez afianza su liderato con la victoria en Las Am\u00e9ricas"},"content":{"rendered":"<p style=\"text-align: justify;\">El piloto Honda ha logrado su cuarto triunfo en Austin (Texas) en el Circuito de Las Am\u00e9ricas, un trazado que domina a la perfecci\u00f3n. Dani Pedrosa, que part\u00eda desde la octava posici\u00f3n, sufri\u00f3 un error de frenada que le dej\u00f3 sin opciones de puntuar.<\/p>\n<p style=\"text-align: justify;\">M\u00e1rquez llegaba con la reciente victoria en Argentina y empezaba el fin de semana sumando la 60\u00aa pole position de su palmar\u00e9s, una actuaci\u00f3n que bord\u00f3 en carrera. Desde el inicio hasta cruzar la l\u00ednea de meta, el piloto de Honda lider\u00f3 el grupo y no cedi\u00f3 ante ninguno de sus rivales. Con un cambio de neum\u00e1tico de \u00faltima hora, el de Cervera reconoci\u00f3 que salt\u00f3 a pista \u201ccon alguna inc\u00f3gnita\u201d, algo que supo gestionar sin problemas y que, finalmente, le dio buenas sensaciones y un magn\u00edfico resultado.<\/p>\n<p style=\"text-align: justify;\"><img loading=\"lazy\" decoding=\"async\" class=\"aligncenter size-medium wp-image-5574\" src=\"https:\/\/www.honda.es\/hondadreams\/wp-content\/uploads\/03Austin16MgpREPSOL_7161-600x400.jpg\" alt=\"Marc M\u00e1rquez afianza su liderato con la victoria en Las Am\u00e9ricas\" width=\"600\" height=\"400\" \/><\/p>\n<p style=\"text-align: justify;\">Dani Pedrosa no pudo sumar puntos a su casillero. Despu\u00e9s de una buena salida, pasando de octavo a quinto, y coloc\u00e1ndose cuarto en la tercera vuelta, entr\u00f3 en la lucha por la zona de podio junto con Andrea Dovizioso (Ducati) y Jorge Lorenzo (Yamaha). A pesar del esfuerzo, el tren delantero le jug\u00f3 una mala pasada cuando intent\u00f3 frenar en la primera curva y cay\u00f3 al suelo, arrastrando tambi\u00e9n a Dovizioso. El piloto de Castellar del Vall\u00e8s, que pidi\u00f3 disculpas al italiano por dejarle fuera de pista, reconoci\u00f3 que intent\u00f3 salvar el error y, a pesar de todo, se mostr\u00f3 optimista con el buen ritmo que al que corri\u00f3 durante las vueltas que pudo rodar.<\/p>\n<p style=\"text-align: justify;\">Con estos resultados, Marc M\u00e1rquez consolida el liderato del mundial con 66 puntos, 21 de ventaja sobre Jorge Lorenzo. Por su parte, Dani Pedrosa se coloca quinto con 27 a la espera de mejorar su participaci\u00f3n en el Gran Premio de Jerez, cita que llegar\u00e1 los pr\u00f3ximos 23 y 24 de abril.<\/p>\n<p style=\"text-align: justify;\"><strong>El apunte de trial.<\/strong> Toni Bou logr\u00f3 el triunfo en la segunda prueba del primer Gran Premio del Mundial de Trial Outdoor y se coloca l\u00edder con 37 puntos. A pesar de la lesi\u00f3n en el hombro, Bou realiz\u00f3 una actuaci\u00f3n impecable con s\u00f3lo 10 puntos de penalizaci\u00f3n. El pr\u00f3ximo Gran Premio se celebrar\u00e1 en Jap\u00f3n, coincidiendo con las fechas de MotoGP, el 23 y 24 de abril.<\/p>\n<p style=\"text-align: justify;\"><img loading=\"lazy\" decoding=\"async\" class=\"aligncenter size-medium wp-image-5576\" src=\"https:\/\/www.honda.es\/hondadreams\/wp-content\/uploads\/GPCatalunyaTrial16_Bou_0883_ps-600x400.jpg\" alt=\"Marc M\u00e1rquez afianza su liderato con la victoria en Las Am\u00e9ricas\" width=\"600\" height=\"400\" \/><\/p>\n","protected":false},"excerpt":{"rendered":"<p>El piloto Honda ha logrado su cuarto triunfo en Austin (Texas) en el Circuito de&#8230;<\/p>\n","protected":false},"author":3,"featured_media":5575,"comment_status":"open","ping_status":"open","sticky":false,"template":"","format":"standard","meta":{"_acf_changed":false,"footnotes":""},"categories":[5],"class_list":["post-5573","post","type-post","status-publish","format-standard","has-post-thumbnail","hentry","category-competicion"],"acf":[],"_links":{"self":[{"href":"https:\/\/www.honda.es\/hondadreams\/wp-json\/wp\/v2\/posts\/5573","targetHints":{"allow":["GET"]}}],"collection":[{"href":"https:\/\/www.honda.es\/hondadreams\/wp-json\/wp\/v2\/posts"}],"about":[{"href":"https:\/\/www.honda.es\/hondadreams\/wp-json\/wp\/v2\/types\/post"}],"author":[{"embeddable":true,"href":"https:\/\/www.honda.es\/hondadreams\/wp-json\/wp\/v2\/users\/3"}],"replies":[{"embeddable":true,"href":"https:\/\/www.honda.es\/hondadreams\/wp-json\/wp\/v2\/comments?post=5573"}],"version-history":[{"count":1,"href":"https:\/\/www.honda.es\/hondadreams\/wp-json\/wp\/v2\/posts\/5573\/revisions"}],"predecessor-version":[{"id":5577,"href":"https:\/\/www.honda.es\/hondadreams\/wp-json\/wp\/v2\/posts\/5573\/revisions\/5577"}],"wp:featuredmedia":[{"embeddable":true,"href":"https:\/\/www.honda.es\/hondadreams\/wp-json\/wp\/v2\/media\/5575"}],"wp:attachment":[{"href":"https:\/\/www.honda.es\/hondadreams\/wp-json\/wp\/v2\/media?parent=5573"}],"wp:term":[{"taxonomy":"category","embeddable":true,"href":"https:\/\/www.honda.es\/hondadreams\/wp-json\/wp\/v2\/categories?post=5573"}],"curies":[{"name":"wp","href":"https:\/\/api.w.org\/{rel}","templated":true}]}}