{"id":5652,"date":"2016-05-10T12:58:45","date_gmt":"2016-05-10T10:58:45","guid":{"rendered":"https:\/\/www.hondadreams.es\/?p=5652"},"modified":"2016-08-29T11:03:41","modified_gmt":"2016-08-29T09:03:41","slug":"honda-en-madrid-auto-2016-gama-renovada-y-ganas-de-diversion","status":"publish","type":"post","link":"https:\/\/www.honda.es\/hondadreams\/2016\/05\/10\/honda-en-madrid-auto-2016-gama-renovada-y-ganas-de-diversion\/","title":{"rendered":"Honda en Madrid Auto 2016: gama renovada y ganas de diversi\u00f3n"},"content":{"rendered":"<p>El mundo del motor vuelve a reunirse en Madrid y lo hace entre los pr\u00f3ximos 10 y 16 de mayo, en el Sal\u00f3n Internacional del Autom\u00f3vil de Madrid, que este a\u00f1o se celebrar\u00e1 con la presencia de 28 marcas. Entre \u00e9stas Honda, que aterriza con una gama renovada que abarca los principales segmentos del mercado que se expondr\u00e1 en el stand 3B09 en el Pabell\u00f3n 3.<\/p>\n<p><strong>Para todos los p\u00fablicos<\/strong><\/p>\n<p>\u00bfQu\u00e9 modelos se podr\u00e1n ver en el stand? Los SUV de la gama, el HR-V y el CR-V, actualizado en 2015, el Jazz y las diferentes versiones del Civic, estandarte de la marca y entre las que destaca el ya m\u00edtico Honda Civic Type R.<\/p>\n<div id=\"attachment_5661\" style=\"width: 610px\" class=\"wp-caption aligncenter\"><img loading=\"lazy\" decoding=\"async\" aria-describedby=\"caption-attachment-5661\" class=\"size-medium wp-image-5661\" src=\"https:\/\/www.honda.es\/hondadreams\/wp-content\/uploads\/ATC_2172-600x400.jpg\" alt=\"Amplia presencia de Honda en el Sal\u00f3n del Autom\u00f3vil de Madrid\" width=\"600\" height=\"400\" \/><p id=\"caption-attachment-5661\" class=\"wp-caption-text\">Amplia presencia de Honda en el Sal\u00f3n del Autom\u00f3vil de Madrid<\/p><\/div>\n<p>Como es habitual, Honda tendr\u00e1 disponibles ofertas especiales para aquellos que aprovechen el Sal\u00f3n para hacer su reserva de un veh\u00edculo nuevo. El Plan In &amp; Out, una modalidad de compra que por 170 \u20ac al mes permite decidir la finalizaci\u00f3n del contrato, cambiar de coche, qued\u00e1rselo o devolverlo, se aplicar\u00e1 a todas las versiones de CR-V 4&#215;2. Para el Civic, Honda ha dise\u00f1ado el Plan 3XTRA ORDINARIO, seg\u00fan el cual el comprador dispone de tres a\u00f1os de mantenimiento gratuito, cinco a\u00f1os de garant\u00eda y asistencia en carretera. Si quieres conocer las condiciones que ambas ofertas no dudes en consultar la web honda.es o visita el Sal\u00f3n y sal de dudas.<\/p>\n<div id=\"attachment_5662\" style=\"width: 610px\" class=\"wp-caption aligncenter\"><img loading=\"lazy\" decoding=\"async\" aria-describedby=\"caption-attachment-5662\" class=\"size-medium wp-image-5662\" src=\"https:\/\/www.honda.es\/hondadreams\/wp-content\/uploads\/ATC_2192-600x400.jpg\" alt=\"El Civic Tourer, protagonista en Madrid\" width=\"600\" height=\"400\" \/><p id=\"caption-attachment-5662\" class=\"wp-caption-text\">El Civic Tourer, protagonista en Madrid<\/p><\/div>\n<p><strong>No todo va a ser estudiar<\/strong><\/p>\n<p>Los visitantes del Sal\u00f3n Internacional del Autom\u00f3vil de Madrid no s\u00f3lo podr\u00e1n ver en directo las novedades del sector y estudiar cualidades t\u00e9cnicas y ofertas especiales. La diversi\u00f3n est\u00e1 prevista gracias a los 10.000 m\u00b2 de la zona l\u00fadica, donde se realizar\u00e1n actividades para ni\u00f1os y adultos, pistas din\u00e1micas y boxes para pruebas.<\/p>\n<div id=\"attachment_5664\" style=\"width: 610px\" class=\"wp-caption aligncenter\"><img loading=\"lazy\" decoding=\"async\" aria-describedby=\"caption-attachment-5664\" class=\"size-medium wp-image-5664\" src=\"https:\/\/www.honda.es\/hondadreams\/wp-content\/uploads\/ATC_2183-600x400.jpg\" alt=\"El stand de Honda en el Sal\u00f3n del Autom\u00f3vil de Madrid\" width=\"600\" height=\"400\" \/><p id=\"caption-attachment-5664\" class=\"wp-caption-text\">El stand de Honda en el Sal\u00f3n del Autom\u00f3vil de Madrid<\/p><\/div>\n<p>A parte de su stand en el interior, Honda contar\u00e1 tambi\u00e9n con un espacio exterior (Pabell\u00f3n 1-3 <sup>\u00a0<\/sup>Exterior 4 de la zona de boxes), donde los visitantes podr\u00e1n probar los nuevos modelos de la Compa\u00f1\u00eda. Adem\u00e1s, habr\u00e1 tambi\u00e9n una pista de demostraci\u00f3n de ayudas a la conducci\u00f3n para poner a prueba el \u00faltimo software de seguridad y asistencia y un \u00e1rea de 4.000 m\u00b2 en el Pabell\u00f3n 4 para competiciones virtuales E-Sports con 80 puestos de juegos. \u00a1Y premios, claro! \u00bfTe lo perder\u00e1s?<\/p>\n","protected":false},"excerpt":{"rendered":"<p>El mundo del motor vuelve a reunirse en Madrid y lo hace entre los pr\u00f3ximos&#8230;<\/p>\n","protected":false},"author":3,"featured_media":5661,"comment_status":"open","ping_status":"open","sticky":false,"template":"","format":"standard","meta":{"_acf_changed":false,"footnotes":""},"categories":[9,11],"class_list":["post-5652","post","type-post","status-publish","format-standard","has-post-thumbnail","hentry","category-mundo-honda","category-novedades"],"acf":[],"_links":{"self":[{"href":"https:\/\/www.honda.es\/hondadreams\/wp-json\/wp\/v2\/posts\/5652","targetHints":{"allow":["GET"]}}],"collection":[{"href":"https:\/\/www.honda.es\/hondadreams\/wp-json\/wp\/v2\/posts"}],"about":[{"href":"https:\/\/www.honda.es\/hondadreams\/wp-json\/wp\/v2\/types\/post"}],"author":[{"embeddable":true,"href":"https:\/\/www.honda.es\/hondadreams\/wp-json\/wp\/v2\/users\/3"}],"replies":[{"embeddable":true,"href":"https:\/\/www.honda.es\/hondadreams\/wp-json\/wp\/v2\/comments?post=5652"}],"version-history":[{"count":5,"href":"https:\/\/www.honda.es\/hondadreams\/wp-json\/wp\/v2\/posts\/5652\/revisions"}],"predecessor-version":[{"id":5665,"href":"https:\/\/www.honda.es\/hondadreams\/wp-json\/wp\/v2\/posts\/5652\/revisions\/5665"}],"wp:featuredmedia":[{"embeddable":true,"href":"https:\/\/www.honda.es\/hondadreams\/wp-json\/wp\/v2\/media\/5661"}],"wp:attachment":[{"href":"https:\/\/www.honda.es\/hondadreams\/wp-json\/wp\/v2\/media?parent=5652"}],"wp:term":[{"taxonomy":"category","embeddable":true,"href":"https:\/\/www.honda.es\/hondadreams\/wp-json\/wp\/v2\/categories?post=5652"}],"curies":[{"name":"wp","href":"https:\/\/api.w.org\/{rel}","templated":true}]}}