{"id":5683,"date":"2016-05-17T10:55:20","date_gmt":"2016-05-17T08:55:20","guid":{"rendered":"https:\/\/www.hondadreams.es\/?p=5683"},"modified":"2016-05-17T11:07:55","modified_gmt":"2016-05-17T09:07:55","slug":"marc-marquez-en-villamartin","status":"publish","type":"post","link":"https:\/\/www.honda.es\/hondadreams\/2016\/05\/17\/marc-marquez-en-villamartin\/","title":{"rendered":"Marc M\u00e1rquez en Villamart\u00edn"},"content":{"rendered":"<p>Hoy martes recuperamos el v\u00eddeo en el que Marc M\u00e1rquez y Repsol visitan la localidad de Villamart\u00edn (en C\u00e1diz) y sorprenden a los vecinos al volante de un Honda CR-V. \u00bfHubieras sabido indicar t\u00fa d\u00f3nde est\u00e1 el Ayuntamiento?<\/p>\n","protected":false},"excerpt":{"rendered":"<p>Hoy martes recuperamos el v\u00eddeo en el que Marc M\u00e1rquez y Repsol visitan la localidad&#8230;<\/p>\n","protected":false},"author":3,"featured_media":5685,"comment_status":"open","ping_status":"open","sticky":false,"template":"","format":"video","meta":{"_acf_changed":false,"footnotes":""},"categories":[5,9],"class_list":["post-5683","post","type-post","status-publish","format-video","has-post-thumbnail","hentry","category-competicion","category-mundo-honda","post_format-post-format-video"],"acf":[],"_links":{"self":[{"href":"https:\/\/www.honda.es\/hondadreams\/wp-json\/wp\/v2\/posts\/5683","targetHints":{"allow":["GET"]}}],"collection":[{"href":"https:\/\/www.honda.es\/hondadreams\/wp-json\/wp\/v2\/posts"}],"about":[{"href":"https:\/\/www.honda.es\/hondadreams\/wp-json\/wp\/v2\/types\/post"}],"author":[{"embeddable":true,"href":"https:\/\/www.honda.es\/hondadreams\/wp-json\/wp\/v2\/users\/3"}],"replies":[{"embeddable":true,"href":"https:\/\/www.honda.es\/hondadreams\/wp-json\/wp\/v2\/comments?post=5683"}],"version-history":[{"count":1,"href":"https:\/\/www.honda.es\/hondadreams\/wp-json\/wp\/v2\/posts\/5683\/revisions"}],"predecessor-version":[{"id":5684,"href":"https:\/\/www.honda.es\/hondadreams\/wp-json\/wp\/v2\/posts\/5683\/revisions\/5684"}],"wp:featuredmedia":[{"embeddable":true,"href":"https:\/\/www.honda.es\/hondadreams\/wp-json\/wp\/v2\/media\/5685"}],"wp:attachment":[{"href":"https:\/\/www.honda.es\/hondadreams\/wp-json\/wp\/v2\/media?parent=5683"}],"wp:term":[{"taxonomy":"category","embeddable":true,"href":"https:\/\/www.honda.es\/hondadreams\/wp-json\/wp\/v2\/categories?post=5683"}],"curies":[{"name":"wp","href":"https:\/\/api.w.org\/{rel}","templated":true}]}}