{"id":5702,"date":"2016-05-24T16:58:09","date_gmt":"2016-05-24T14:58:09","guid":{"rendered":"https:\/\/www.hondadreams.es\/?p=5702"},"modified":"2016-08-29T10:59:19","modified_gmt":"2016-08-29T08:59:19","slug":"el-hondajet-en-europa-certificacion-de-la-agencia-europea-de-seguridad-aerea","status":"publish","type":"post","link":"https:\/\/www.honda.es\/hondadreams\/2016\/05\/24\/el-hondajet-en-europa-certificacion-de-la-agencia-europea-de-seguridad-aerea\/","title":{"rendered":"El HondaJet en Europa, certificaci\u00f3n de la Agencia Europea de Seguridad A\u00e9rea"},"content":{"rendered":"<p>Hace ahora un a\u00f1o el HondaJet estaba de <a href=\"https:\/\/www.honda.es\/hondadreams\/2015\/05\/19\/el-hondajet-de-gira-por-europa\/\">gira por Europa<\/a><strong>; <\/strong>en abril de este 2016 os habl\u00e1bamos de la <a href=\"https:\/\/www.honda.es\/hondadreams\/2016\/04\/27\/ya-ha-llegado-primera-entrega-de-un-hondajet-en-europa\/\">primera entrega del avi\u00f3n a reacci\u00f3n de Honda<\/a> en tierras europeas y, hoy, podemos comunicaros que el HondaJet \u2013el avi\u00f3n a reacci\u00f3n ligero m\u00e1s avanzado del mundo\u2013 ya cuenta con la certificaci\u00f3n de tipo de la <a href=\"https:\/\/www.easa.europa.eu\/\">Agencia Europea de Seguridad A\u00e9rea<\/a> (EASA). \u00bfY qu\u00e9 significa esto? Pues que cumple a la perfecci\u00f3n las normativas de seguridad europeas m\u00e1s rigurosas y, adem\u00e1s, un paso decisivo en su puesta en servicio y estrategia de ventas en el continente.<\/p>\n<p>As\u00ed lo acaba de anunciar Honda Aircraft Company, durante una rueda de prensa en la exposici\u00f3n <a href=\"https:\/\/ebace.aero\/\">EBACE (European Business Aviation Convention and Exhibition)<\/a>, que se celebra en Ginebra (Suiza) del 24 al 26 de\u00a0mayo.<\/p>\n<div id=\"attachment_5704\" style=\"width: 610px\" class=\"wp-caption aligncenter\"><img loading=\"lazy\" decoding=\"async\" aria-describedby=\"caption-attachment-5704\" class=\"wp-image-5704 size-medium\" src=\"https:\/\/www.honda.es\/hondadreams\/wp-content\/uploads\/HondaJet-Receives-EASA-Type-Certification-Final-600x380.jpg\" alt=\"The HondaJet received a type certificate\" width=\"600\" height=\"380\" \/><p id=\"caption-attachment-5704\" class=\"wp-caption-text\">El HondaJet en Europa, certificaci\u00f3n de la Agencia Europea de Seguridad A\u00e9rea<\/p><\/div>\n<p>El responsable de la secci\u00f3n de turboh\u00e9lices y aeronaves de alto rendimiento de la EASA, Steven Higgins, ha sido el encargado de presentar la certificaci\u00f3n de tipo del HondaJet HA-420 al Presidente y CEO de Honda Aircraft Company, Michimasa\u00a0Fujino. \u00c9ste ha querido compartir el entusiasmo de Honda con todos los presentes, con quienes han participado del desarrollo de este proyecto y, muy especialmente, con los clientes europeos. Adem\u00e1s, ha destacado la importancia de esta certificaci\u00f3n \u00abal poner de manifiesto que el HondaJet cumple con los est\u00e1ndares de seguridad europeos m\u00e1s exigentes\u00bb.<\/p>\n<p>Tras recibir la <a href=\"https:\/\/www.hondajet.com\/news\/article?articleType=pressrelease&amp;categoryType=d82b11b7-98a3-4a02-9688-5bd05eef476d\">certificaci\u00f3n de tipo<\/a> de manos de la Administraci\u00f3n Federal de Aviaci\u00f3n de Estados Unidos (FAA, por sus siglas en ingl\u00e9s), en septiembre del pasado 2015, esta primavera ha sido el turno de las autoridades competentes en Europa, en este caso la <a href=\"https:\/\/www.easa.europa.eu\/\">Agencia Europea de Seguridad A\u00e9rea<\/a>. Recibir esta certificaci\u00f3n no s\u00f3lo supone el aval indiscutible de las normativas de seguridad europeas, sino que tambi\u00e9n constituye la culminaci\u00f3n de una colaboraci\u00f3n especialmente exitosa entre Honda Aircraft Company y la EASA.<\/p>\n<div id=\"attachment_5703\" style=\"width: 610px\" class=\"wp-caption aligncenter\"><img loading=\"lazy\" decoding=\"async\" aria-describedby=\"caption-attachment-5703\" class=\"wp-image-5703 size-medium\" src=\"https:\/\/www.honda.es\/hondadreams\/wp-content\/uploads\/HondaJet-EASA-TC-Presentation-2-600x400.jpg\" alt=\"Steven Higgins, European Aviation Safety Agency Section Manager\" width=\"600\" height=\"400\" \/><p id=\"caption-attachment-5703\" class=\"wp-caption-text\">El presidente y CEO de Honda Aircraft Company, Michimasa Fujino, recibiendo el reconocimiento<\/p><\/div>\n<p>Las entregas del HondaJet en Europa ya han comenzado y seg\u00fan las experiencias de los clientes no s\u00f3lo es un avi\u00f3n de alto rendimiento, sino tambi\u00e9n una aeronave inteligente, divertida de pilotar y muy sofisticada. \u00bfY c\u00f3mo gestiona Honda el mejor servicio y asistencia a los interesados y clientes que han adquirido, o piensan en hacerlo, un HondaJet? Pues a trav\u00e9s de una alianza con tres l\u00edderes del sector que cuentan con la experiencia, los servicios y las capacidades para ofrecer el m\u00e1s alto nivel a los clientes: Marshall Aviation Services para Europa del norte; Rheinland Air Service para la Europa central; y TAG Aviation SA para el sur de Europa.<\/p>\n<p>El HondaJet ya es una realidad en Europa. Visita la p\u00e1gina <a href=\"http:\/\/www.HondaJet.com\">www.HondaJet.com<\/a> si quieres echar a volar tu imaginaci\u00f3n.<\/p>\n","protected":false},"excerpt":{"rendered":"<p>Hace ahora un a\u00f1o el HondaJet estaba de gira por Europa; en abril de este&#8230;<\/p>\n","protected":false},"author":3,"featured_media":5704,"comment_status":"open","ping_status":"open","sticky":false,"template":"","format":"standard","meta":{"_acf_changed":false,"footnotes":""},"categories":[9],"class_list":["post-5702","post","type-post","status-publish","format-standard","has-post-thumbnail","hentry","category-mundo-honda"],"acf":[],"_links":{"self":[{"href":"https:\/\/www.honda.es\/hondadreams\/wp-json\/wp\/v2\/posts\/5702","targetHints":{"allow":["GET"]}}],"collection":[{"href":"https:\/\/www.honda.es\/hondadreams\/wp-json\/wp\/v2\/posts"}],"about":[{"href":"https:\/\/www.honda.es\/hondadreams\/wp-json\/wp\/v2\/types\/post"}],"author":[{"embeddable":true,"href":"https:\/\/www.honda.es\/hondadreams\/wp-json\/wp\/v2\/users\/3"}],"replies":[{"embeddable":true,"href":"https:\/\/www.honda.es\/hondadreams\/wp-json\/wp\/v2\/comments?post=5702"}],"version-history":[{"count":2,"href":"https:\/\/www.honda.es\/hondadreams\/wp-json\/wp\/v2\/posts\/5702\/revisions"}],"predecessor-version":[{"id":5709,"href":"https:\/\/www.honda.es\/hondadreams\/wp-json\/wp\/v2\/posts\/5702\/revisions\/5709"}],"wp:featuredmedia":[{"embeddable":true,"href":"https:\/\/www.honda.es\/hondadreams\/wp-json\/wp\/v2\/media\/5704"}],"wp:attachment":[{"href":"https:\/\/www.honda.es\/hondadreams\/wp-json\/wp\/v2\/media?parent=5702"}],"wp:term":[{"taxonomy":"category","embeddable":true,"href":"https:\/\/www.honda.es\/hondadreams\/wp-json\/wp\/v2\/categories?post=5702"}],"curies":[{"name":"wp","href":"https:\/\/api.w.org\/{rel}","templated":true}]}}