{"id":5867,"date":"2016-07-06T16:19:56","date_gmt":"2016-07-06T14:19:56","guid":{"rendered":"https:\/\/www.hondadreams.es\/?p=5867"},"modified":"2016-08-29T10:46:00","modified_gmt":"2016-08-29T08:46:00","slug":"fernando-alonso-conduce-el-honda-nsx-en-estoril","status":"publish","type":"post","link":"https:\/\/www.honda.es\/hondadreams\/2016\/07\/06\/fernando-alonso-conduce-el-honda-nsx-en-estoril\/","title":{"rendered":"Fernando Alonso conduce el Honda NSX en Estoril"},"content":{"rendered":"<p style=\"text-align: justify;\">Fernando Alonso ha cambiado su monoplaza habitual de los circuitos de F\u00f3rmula 1 por el volante del nuevo Honda NSX, el superdeportivo que la marca japonesa ha vuelto a crear para ofrecer una \u00abnueva experiencia deportiva\u00bb <em>\u2013<\/em>de aqu\u00ed su nombre, siglas procedentes del ingl\u00e9s <em>New Sports eXperience<\/em><em>\u2013<\/em> y que este mi\u00e9rcoles ha rodado en Estoril con los periodistas como copilotos en un test drive \u00fanico.<\/p>\n<p style=\"text-align: justify;\">El nuevo NSX, equipado con un motor h\u00edbrido que entrega hasta 581 CV de potencia, llegar\u00e1 a Europa durante el \u00faltimo trimestre de este 2016. Pero hoy, los medios invitados han podido conocer de cerca la respuesta del motor y su sistema de transmisi\u00f3n h\u00edbrido, puesta a prueba por un campe\u00f3n mundial que, al finalizar el test drive,\u00a0la capacidad de frenada del veh\u00edculo y una conducci\u00f3n que, comparada con la de un monoplaza, ha descrito de un modo original.\u00a0 \u00abEs como comparar dibujo art\u00edstico frente al dibujo t\u00e9cnico. El volante del NSX es m\u00e1s suave, dulce, no tienes que ir a buscar cada uno de los mil\u00edmetros como s\u00ed haces en las carreras de F1\u00bb, ha explicado.<\/p>\n<p style=\"text-align: justify;\">Uno a uno, los periodistas asistentes han experimentado la velocidad y fluir deportivo del NSX, grabados con una c\u00e1mara on-board a lo largo del asfalto de Estoril. Adem\u00e1s, han podido circular por carreteras portuguesas de la mano de conductores profesionales, admirando no s\u00f3lo el dise\u00f1o exterior sino tambi\u00e9n un interior con una visibilidad frontal excepcional y una ergonom\u00eda \u00fanica.\u00a0Al bajar del NSX y dejar a Alonso al volante, esperando al pr\u00f3ximo copiloto, nadie parec\u00eda indiferente a la experiencia sobre el asfalto. Desde el \u00abincre\u00edble\u00bb repetido muchas veces por Fabio Marchi de Mundo Deportivo, a la \u00abexperiencia \u00fanica para contar a los nietos\u00bb de Manuel Franco, del diario AS -que tras hacer de copiloto de Alonso dec\u00eda \u00abvi\u00e9ndolos al volante te das cuenta de lo que son estos pilotos\u00bb-, pasando por las afirmaciones de Jordi Botella de La Raz\u00f3n, que destacaba \u00abla personalidad y originalidad del NSX\u00bb. \u00abSi algo ha logrado Honda es que sea un coche inconfundible, diferente del resto\u00bb, dec\u00eda.<\/p>\n<p style=\"text-align: justify;\">Os dejamos con unas fotograf\u00edas de la jornada, este viernes m\u00e1s. \u00a1No te lo pierdas!<\/p>\n\n\t\t<style type=\"text\/css\">\n\t\t\t#gallery-1 {\n\t\t\t\tmargin: auto;\n\t\t\t}\n\t\t\t#gallery-1 .gallery-item {\n\t\t\t\tfloat: left;\n\t\t\t\tmargin-top: 10px;\n\t\t\t\ttext-align: center;\n\t\t\t\twidth: 33%;\n\t\t\t}\n\t\t\t#gallery-1 img {\n\t\t\t\tborder: 2px solid #cfcfcf;\n\t\t\t}\n\t\t\t#gallery-1 .gallery-caption {\n\t\t\t\tmargin-left: 0;\n\t\t\t}\n\t\t\t\/* see gallery_shortcode() in wp-includes\/media.php *\/\n\t\t<\/style>\n\t\t<div id='gallery-1' class='gallery galleryid-5867 gallery-columns-3 gallery-size-medium'><dl class='gallery-item'>\n\t\t\t<dt class='gallery-icon landscape'>\n\t\t\t\t<a href='https:\/\/www.hondadreams.es\/wp-content\/uploads\/IMG_20160706_085110.jpg'><img loading=\"lazy\" decoding=\"async\" width=\"600\" height=\"450\" src=\"https:\/\/www.hondadreams.es\/wp-content\/uploads\/IMG_20160706_085110-600x450.jpg\" class=\"attachment-medium size-medium\" alt=\"Honda NSX Estoril Fernando Alonso\" aria-describedby=\"gallery-1-5869\" \/><\/a>\n\t\t\t<\/dt>\n\t\t\t\t<dd class='wp-caption-text gallery-caption' id='gallery-1-5869'>\n\t\t\t\tEl NSX es de motor h\u00edbrido y cuenta con 581 CV de potencia\n\t\t\t\t<\/dd><\/dl><dl class='gallery-item'>\n\t\t\t<dt class='gallery-icon landscape'>\n\t\t\t\t<a href='https:\/\/www.hondadreams.es\/wp-content\/uploads\/IMG_20160706_091509.jpg'><img loading=\"lazy\" decoding=\"async\" width=\"600\" height=\"450\" src=\"https:\/\/www.hondadreams.es\/wp-content\/uploads\/IMG_20160706_091509-600x450.jpg\" class=\"attachment-medium size-medium\" alt=\"Honda NSX Estoril Fernando Alonso\" aria-describedby=\"gallery-1-5879\" \/><\/a>\n\t\t\t<\/dt>\n\t\t\t\t<dd class='wp-caption-text gallery-caption' id='gallery-1-5879'>\n\t\t\t\tEl nuevo superdeportivo Honda ha levantado mucha expectaci\u00f3n entre los asistentes\n\t\t\t\t<\/dd><\/dl><dl class='gallery-item'>\n\t\t\t<dt class='gallery-icon landscape'>\n\t\t\t\t<a href='https:\/\/www.hondadreams.es\/wp-content\/uploads\/27f08300-03f3-4551-8ae5-8d2542a86fbe.jpg'><img loading=\"lazy\" decoding=\"async\" width=\"600\" height=\"450\" src=\"https:\/\/www.hondadreams.es\/wp-content\/uploads\/27f08300-03f3-4551-8ae5-8d2542a86fbe-600x450.jpg\" class=\"attachment-medium size-medium\" alt=\"Honda NSX Estoril Fernando Alonso\" aria-describedby=\"gallery-1-5873\" \/><\/a>\n\t\t\t<\/dt>\n\t\t\t\t<dd class='wp-caption-text gallery-caption' id='gallery-1-5873'>\n\t\t\t\tEl motor de gasolina est\u00e1 justo detr\u00e1s del habit\u00e1culo\n\t\t\t\t<\/dd><\/dl><br style=\"clear: both\" \/><dl class='gallery-item'>\n\t\t\t<dt class='gallery-icon landscape'>\n\t\t\t\t<a href='https:\/\/www.hondadreams.es\/wp-content\/uploads\/IMG_20160706_091137.jpg'><img loading=\"lazy\" decoding=\"async\" width=\"600\" height=\"450\" src=\"https:\/\/www.hondadreams.es\/wp-content\/uploads\/IMG_20160706_091137-600x450.jpg\" class=\"attachment-medium size-medium\" alt=\"Honda NSX Estoril Fernando Alonso\" aria-describedby=\"gallery-1-5870\" \/><\/a>\n\t\t\t<\/dt>\n\t\t\t\t<dd class='wp-caption-text gallery-caption' id='gallery-1-5870'>\n\t\t\t\tTiene cuatro programas de conducci\u00f3n: Quiet, Track, Sport y Sport+\n\t\t\t\t<\/dd><\/dl><dl class='gallery-item'>\n\t\t\t<dt class='gallery-icon landscape'>\n\t\t\t\t<a href='https:\/\/www.hondadreams.es\/wp-content\/uploads\/11f66feb-4906-4973-af78-0e140b29f7e6.jpg'><img loading=\"lazy\" decoding=\"async\" width=\"600\" height=\"450\" src=\"https:\/\/www.hondadreams.es\/wp-content\/uploads\/11f66feb-4906-4973-af78-0e140b29f7e6-600x450.jpg\" class=\"attachment-medium size-medium\" alt=\"Honda NSX Estoril Fernando Alonso\" aria-describedby=\"gallery-1-5872\" \/><\/a>\n\t\t\t<\/dt>\n\t\t\t\t<dd class='wp-caption-text gallery-caption' id='gallery-1-5872'>\n\t\t\t\tFernando Alonso ha cambiado el volante de su F1 por el NSX\n\t\t\t\t<\/dd><\/dl><dl class='gallery-item'>\n\t\t\t<dt class='gallery-icon landscape'>\n\t\t\t\t<a href='https:\/\/www.hondadreams.es\/wp-content\/uploads\/HondaNSX_Alonso8.jpg'><img loading=\"lazy\" decoding=\"async\" width=\"600\" height=\"400\" src=\"https:\/\/www.hondadreams.es\/wp-content\/uploads\/HondaNSX_Alonso8-600x400.jpg\" class=\"attachment-medium size-medium\" alt=\"Honda NSX Estoril Fernando Alonso\" aria-describedby=\"gallery-1-5890\" \/><\/a>\n\t\t\t<\/dt>\n\t\t\t\t<dd class='wp-caption-text gallery-caption' id='gallery-1-5890'>\n\t\t\t\t\u00abEs especial hacer algo que hizo antes Ayrton Senna, un mito, una leyenda\u00bb\n\t\t\t\t<\/dd><\/dl><br style=\"clear: both\" \/><dl class='gallery-item'>\n\t\t\t<dt class='gallery-icon landscape'>\n\t\t\t\t<a href='https:\/\/www.hondadreams.es\/wp-content\/uploads\/fernando-alonso-nsx-estoril.jpg'><img loading=\"lazy\" decoding=\"async\" width=\"589\" height=\"442\" src=\"https:\/\/www.hondadreams.es\/wp-content\/uploads\/fernando-alonso-nsx-estoril.jpg\" class=\"attachment-medium size-medium\" alt=\"Honda NSX Estoril Fernando Alonso\" aria-describedby=\"gallery-1-5877\" \/><\/a>\n\t\t\t<\/dt>\n\t\t\t\t<dd class='wp-caption-text gallery-caption' id='gallery-1-5877'>\n\t\t\t\tAlonso al volante del NSX\n\t\t\t\t<\/dd><\/dl><dl class='gallery-item'>\n\t\t\t<dt class='gallery-icon landscape'>\n\t\t\t\t<a href='https:\/\/www.hondadreams.es\/wp-content\/uploads\/IMG_20160706_101348-01.jpg'><img loading=\"lazy\" decoding=\"async\" width=\"600\" height=\"450\" src=\"https:\/\/www.hondadreams.es\/wp-content\/uploads\/IMG_20160706_101348-01-600x450.jpg\" class=\"attachment-medium size-medium\" alt=\"Honda NSX Estoril Fernando Alonso\" aria-describedby=\"gallery-1-5897\" \/><\/a>\n\t\t\t<\/dt>\n\t\t\t\t<dd class='wp-caption-text gallery-caption' id='gallery-1-5897'>\n\t\t\t\tLo que m\u00e1s sorprendi\u00f3 al piloto fue la frenada\n\t\t\t\t<\/dd><\/dl><dl class='gallery-item'>\n\t\t\t<dt class='gallery-icon landscape'>\n\t\t\t\t<a href='https:\/\/www.hondadreams.es\/wp-content\/uploads\/IMG_20160706_101339-01.jpg'><img loading=\"lazy\" decoding=\"async\" width=\"600\" height=\"450\" src=\"https:\/\/www.hondadreams.es\/wp-content\/uploads\/IMG_20160706_101339-01-600x450.jpg\" class=\"attachment-medium size-medium\" alt=\"Honda NSX Estoril Fernando Alonso\" aria-describedby=\"gallery-1-5896\" \/><\/a>\n\t\t\t<\/dt>\n\t\t\t\t<dd class='wp-caption-text gallery-caption' id='gallery-1-5896'>\n\t\t\t\tLa aceleraci\u00f3n tambi\u00e9n es uno de sus puntos fuertes seg\u00fan el asturiano\n\t\t\t\t<\/dd><\/dl><br style=\"clear: both\" \/><dl class='gallery-item'>\n\t\t\t<dt class='gallery-icon landscape'>\n\t\t\t\t<a href='https:\/\/www.hondadreams.es\/wp-content\/uploads\/IMG_20160706_091145-01.jpg'><img loading=\"lazy\" decoding=\"async\" width=\"600\" height=\"450\" src=\"https:\/\/www.hondadreams.es\/wp-content\/uploads\/IMG_20160706_091145-01-600x450.jpg\" class=\"attachment-medium size-medium\" alt=\"Honda NSX Estoril Fernando Alonso\" aria-describedby=\"gallery-1-5894\" \/><\/a>\n\t\t\t<\/dt>\n\t\t\t\t<dd class='wp-caption-text gallery-caption' id='gallery-1-5894'>\n\t\t\t\tDespu\u00e9s de conducirlo, Fernando Alonso asegura que es \u00abuna maravilla\u00bb\n\t\t\t\t<\/dd><\/dl><dl class='gallery-item'>\n\t\t\t<dt class='gallery-icon landscape'>\n\t\t\t\t<a href='https:\/\/www.hondadreams.es\/wp-content\/uploads\/IMG_20160706_110939-01.jpg'><img loading=\"lazy\" decoding=\"async\" width=\"600\" height=\"450\" src=\"https:\/\/www.hondadreams.es\/wp-content\/uploads\/IMG_20160706_110939-01-600x450.jpg\" class=\"attachment-medium size-medium\" alt=\"Honda NSX Estoril Fernando Alonso\" aria-describedby=\"gallery-1-5898\" \/><\/a>\n\t\t\t<\/dt>\n\t\t\t\t<dd class='wp-caption-text gallery-caption' id='gallery-1-5898'>\n\t\t\t\tEl piloto demostr\u00f3 a los asistentes de lo que es capaz el NSX\n\t\t\t\t<\/dd><\/dl><dl class='gallery-item'>\n\t\t\t<dt class='gallery-icon landscape'>\n\t\t\t\t<a href='https:\/\/www.hondadreams.es\/wp-content\/uploads\/479f4681-79c9-4c0e-9593-860bb652b44f.jpg'><img loading=\"lazy\" decoding=\"async\" width=\"600\" height=\"450\" src=\"https:\/\/www.hondadreams.es\/wp-content\/uploads\/479f4681-79c9-4c0e-9593-860bb652b44f-600x450.jpg\" class=\"attachment-medium size-medium\" alt=\"Honda NSX Estoril Fernando Alonso\" aria-describedby=\"gallery-1-5874\" \/><\/a>\n\t\t\t<\/dt>\n\t\t\t\t<dd class='wp-caption-text gallery-caption' id='gallery-1-5874'>\n\t\t\t\t\u00abPersonalmente, estoy en uno de mis mejores momentos\u00bb dijo a los periodistas\n\t\t\t\t<\/dd><\/dl><br style=\"clear: both\" \/><dl class='gallery-item'>\n\t\t\t<dt class='gallery-icon landscape'>\n\t\t\t\t<a href='https:\/\/www.hondadreams.es\/wp-content\/uploads\/IMG_20160706_113711-01.jpg'><img loading=\"lazy\" decoding=\"async\" width=\"600\" height=\"450\" src=\"https:\/\/www.hondadreams.es\/wp-content\/uploads\/IMG_20160706_113711-01-600x450.jpg\" class=\"attachment-medium size-medium\" alt=\"Honda NSX Estoril Fernando Alonso\" aria-describedby=\"gallery-1-5899\" \/><\/a>\n\t\t\t<\/dt>\n\t\t\t\t<dd class='wp-caption-text gallery-caption' id='gallery-1-5899'>\n\t\t\t\t\u201cSer parte de McLaren Honda tiene ventajas m\u00e1s all\u00e1 de la F-1\u201d , elogi\u00f3 el piloto\n\t\t\t\t<\/dd><\/dl><dl class='gallery-item'>\n\t\t\t<dt class='gallery-icon landscape'>\n\t\t\t\t<a href='https:\/\/www.hondadreams.es\/wp-content\/uploads\/IMG_20160706_121250-01.jpg'><img loading=\"lazy\" decoding=\"async\" width=\"600\" height=\"450\" src=\"https:\/\/www.hondadreams.es\/wp-content\/uploads\/IMG_20160706_121250-01-600x450.jpg\" class=\"attachment-medium size-medium\" alt=\"Honda NSX Estoril Fernando Alonso\" aria-describedby=\"gallery-1-5893\" \/><\/a>\n\t\t\t<\/dt>\n\t\t\t\t<dd class='wp-caption-text gallery-caption' id='gallery-1-5893'>\n\t\t\t\t\u00abAyrton colabor\u00f3 en el desarrollo del primer NSX. Ahora me toca a m\u00ed\u00bb, dijo Alonso\n\t\t\t\t<\/dd><\/dl><dl class='gallery-item'>\n\t\t\t<dt class='gallery-icon landscape'>\n\t\t\t\t<a href='https:\/\/www.hondadreams.es\/wp-content\/uploads\/IMG-20160706-WA0036.jpg'><img loading=\"lazy\" decoding=\"async\" width=\"600\" height=\"450\" src=\"https:\/\/www.hondadreams.es\/wp-content\/uploads\/IMG-20160706-WA0036-600x450.jpg\" class=\"attachment-medium size-medium\" alt=\"Honda NSX Estoril Fernando Alonso\" aria-describedby=\"gallery-1-5884\" \/><\/a>\n\t\t\t<\/dt>\n\t\t\t\t<dd class='wp-caption-text gallery-caption' id='gallery-1-5884'>\n\t\t\t\tLos periodistas han conocido de primera mano todos los detalles del NSX\n\t\t\t\t<\/dd><\/dl><br style=\"clear: both\" \/><dl class='gallery-item'>\n\t\t\t<dt class='gallery-icon landscape'>\n\t\t\t\t<a href='https:\/\/www.hondadreams.es\/wp-content\/uploads\/IMG_20160706_094749-02.jpg'><img loading=\"lazy\" decoding=\"async\" width=\"600\" height=\"450\" src=\"https:\/\/www.hondadreams.es\/wp-content\/uploads\/IMG_20160706_094749-02-600x450.jpg\" class=\"attachment-medium size-medium\" alt=\"Honda NSX Estoril Fernando Alonso\" aria-describedby=\"gallery-1-5895\" \/><\/a>\n\t\t\t<\/dt>\n\t\t\t\t<dd class='wp-caption-text gallery-caption' id='gallery-1-5895'>\n\t\t\t\tFernando Alonso acompa\u00f1ado de los periodistas con los que ha realizado el test drive\n\t\t\t\t<\/dd><\/dl><dl class='gallery-item'>\n\t\t\t<dt class='gallery-icon landscape'>\n\t\t\t\t<a href='https:\/\/www.hondadreams.es\/wp-content\/uploads\/Fernando-Alonso-Honda-NSX-Estoril-1.jpg'><img loading=\"lazy\" decoding=\"async\" width=\"600\" height=\"398\" src=\"https:\/\/www.hondadreams.es\/wp-content\/uploads\/Fernando-Alonso-Honda-NSX-Estoril-1-600x398.jpg\" class=\"attachment-medium size-medium\" alt=\"Fernando Alonso Honda NSX Estoril\" aria-describedby=\"gallery-1-5881\" \/><\/a>\n\t\t\t<\/dt>\n\t\t\t\t<dd class='wp-caption-text gallery-caption' id='gallery-1-5881'>\n\t\t\t\t\u201cEl F\u00f3rmula 1 es dibujo t\u00e9cnico y este coche dibujo art\u00edstico\u201d\n\t\t\t\t<\/dd><\/dl>\n\t\t\t<br style='clear: both' \/>\n\t\t<\/div>\n\n","protected":false},"excerpt":{"rendered":"<p>Fernando Alonso ha cambiado su monoplaza habitual de los circuitos de F\u00f3rmula 1 por el&#8230;<\/p>\n","protected":false},"author":3,"featured_media":5877,"comment_status":"open","ping_status":"open","sticky":false,"template":"","format":"standard","meta":{"_acf_changed":false,"footnotes":""},"categories":[3],"class_list":["post-5867","post","type-post","status-publish","format-standard","has-post-thumbnail","hentry","category-innovacion"],"acf":[],"_links":{"self":[{"href":"https:\/\/www.honda.es\/hondadreams\/wp-json\/wp\/v2\/posts\/5867","targetHints":{"allow":["GET"]}}],"collection":[{"href":"https:\/\/www.honda.es\/hondadreams\/wp-json\/wp\/v2\/posts"}],"about":[{"href":"https:\/\/www.honda.es\/hondadreams\/wp-json\/wp\/v2\/types\/post"}],"author":[{"embeddable":true,"href":"https:\/\/www.honda.es\/hondadreams\/wp-json\/wp\/v2\/users\/3"}],"replies":[{"embeddable":true,"href":"https:\/\/www.honda.es\/hondadreams\/wp-json\/wp\/v2\/comments?post=5867"}],"version-history":[{"count":7,"href":"https:\/\/www.honda.es\/hondadreams\/wp-json\/wp\/v2\/posts\/5867\/revisions"}],"predecessor-version":[{"id":5901,"href":"https:\/\/www.honda.es\/hondadreams\/wp-json\/wp\/v2\/posts\/5867\/revisions\/5901"}],"wp:featuredmedia":[{"embeddable":true,"href":"https:\/\/www.honda.es\/hondadreams\/wp-json\/wp\/v2\/media\/5877"}],"wp:attachment":[{"href":"https:\/\/www.honda.es\/hondadreams\/wp-json\/wp\/v2\/media?parent=5867"}],"wp:term":[{"taxonomy":"category","embeddable":true,"href":"https:\/\/www.honda.es\/hondadreams\/wp-json\/wp\/v2\/categories?post=5867"}],"curies":[{"name":"wp","href":"https:\/\/api.w.org\/{rel}","templated":true}]}}