{"id":5910,"date":"2016-07-13T11:32:21","date_gmt":"2016-07-13T09:32:21","guid":{"rendered":"https:\/\/www.hondadreams.es\/?p=5910"},"modified":"2016-07-13T11:55:58","modified_gmt":"2016-07-13T09:55:58","slug":"nsxheroes-en-estoril-el-retrato-en-video","status":"publish","type":"post","link":"https:\/\/www.honda.es\/hondadreams\/2016\/07\/13\/nsxheroes-en-estoril-el-retrato-en-video\/","title":{"rendered":"#NSXHeroes en Estoril, el retrato en video"},"content":{"rendered":"<p style=\"text-align: justify;\"><span style=\"color: #000000; font-family: Calibri;\">Hace una semana compart\u00edamos la ma\u00f1ana con Fernando Alonso, un brillante NSX y un grupo de periodistas dispuestos a ser copilotos del campe\u00f3n de F1 al volante de un superdeportivo que derrap\u00f3, y no poco, por el asfalto del circuito de Estoril (en Portugal). <\/span><\/p>\n<p style=\"text-align: justify;\"><span style=\"color: #000000; font-family: Calibri;\">El nuevo NSX, equipado con un motor h\u00edbrido que entrega hasta 581 CV de potencia, se exhibi\u00f3 a manos del piloto de McLaren Honda, que reconoci\u00f3 divertirse m\u00e1s con un coche como \u00e9ste que con un monoplaza en los circuitos. Entre el dibujo art\u00edstico y el t\u00e9cnico, Alonso prefiere el primero. Durante la rueda de prensa posterior a los test drive que realizaron Fernando Alonso junto con los periodistas, el piloto reconoc\u00eda qu\u00e9 es lo que le hab\u00eda sorprendido y lo bien que lo pas\u00f3 conduciendo el NSX. \u00abSeguramente lo que m\u00e1s me ha sorprendido ha sido la frenada, no dista tanto de lo que sientes conduciendo el monoplaza de F1. \u00bfEst\u00e9ticamente? El frontal\u00bb. <\/span><\/p>\n<p style=\"text-align: justify;\"><span style=\"color: #000000;\"><span style=\"font-family: Calibri;\">La ma\u00f1ana pas\u00f3 r\u00e1pido, con el sonido del motor del NSX como B.S.O <\/span><span style=\"font-family: 'Cambria','serif';\">\u2013<\/span><\/span><span style=\"color: #000000; font-family: Calibri;\">acerc\u00e1ndose al paddock y alej\u00e1ndose al ritmo que cada uno de los periodistas se equipaba y sub\u00eda<\/span><span style=\"font-family: 'Cambria','serif';\"><span style=\"color: #000000;\">\u2013<\/span><\/span><span style=\"color: #000000; font-family: Calibri;\">, las impresiones en boca de los copilotos, c\u00e1maras, micros, una rueda de prensa, el mito de Ayrton Senna y mucho asfalto por probar. \u00abS\u00f3lo las grandes marcas est\u00e1n en F\u00f3rmula 1. Honda es una de ellas\u00bb, dec\u00eda Alonso. Hoy os dejamos con un v\u00eddeo que resume esas horas y, sobre todo, la esencia de este icono Honda, el NSX. \u00a1Disfrutadlo!<\/span><\/p>\n<p>&nbsp;<\/p>\n","protected":false},"excerpt":{"rendered":"<p>Hace una semana compart\u00edamos la ma\u00f1ana con Fernando Alonso, un brillante NSX y un grupo&#8230;<\/p>\n","protected":false},"author":3,"featured_media":5897,"comment_status":"open","ping_status":"open","sticky":false,"template":"","format":"video","meta":{"_acf_changed":false,"footnotes":""},"categories":[1],"class_list":["post-5910","post","type-post","status-publish","format-video","has-post-thumbnail","hentry","category-general","post_format-post-format-video"],"acf":[],"_links":{"self":[{"href":"https:\/\/www.honda.es\/hondadreams\/wp-json\/wp\/v2\/posts\/5910","targetHints":{"allow":["GET"]}}],"collection":[{"href":"https:\/\/www.honda.es\/hondadreams\/wp-json\/wp\/v2\/posts"}],"about":[{"href":"https:\/\/www.honda.es\/hondadreams\/wp-json\/wp\/v2\/types\/post"}],"author":[{"embeddable":true,"href":"https:\/\/www.honda.es\/hondadreams\/wp-json\/wp\/v2\/users\/3"}],"replies":[{"embeddable":true,"href":"https:\/\/www.honda.es\/hondadreams\/wp-json\/wp\/v2\/comments?post=5910"}],"version-history":[{"count":2,"href":"https:\/\/www.honda.es\/hondadreams\/wp-json\/wp\/v2\/posts\/5910\/revisions"}],"predecessor-version":[{"id":6195,"href":"https:\/\/www.honda.es\/hondadreams\/wp-json\/wp\/v2\/posts\/5910\/revisions\/6195"}],"wp:featuredmedia":[{"embeddable":true,"href":"https:\/\/www.honda.es\/hondadreams\/wp-json\/wp\/v2\/media\/5897"}],"wp:attachment":[{"href":"https:\/\/www.honda.es\/hondadreams\/wp-json\/wp\/v2\/media?parent=5910"}],"wp:term":[{"taxonomy":"category","embeddable":true,"href":"https:\/\/www.honda.es\/hondadreams\/wp-json\/wp\/v2\/categories?post=5910"}],"curies":[{"name":"wp","href":"https:\/\/api.w.org\/{rel}","templated":true}]}}