{"id":5947,"date":"2016-07-15T10:30:05","date_gmt":"2016-07-15T08:30:05","guid":{"rendered":"https:\/\/www.hondadreams.es\/?p=5947"},"modified":"2016-07-22T13:07:33","modified_gmt":"2016-07-22T11:07:33","slug":"los-suv-a-la-conquista-del-mercado-mundial-con-el-cr-v-y-el-hr-v-a-la-cabeza","status":"publish","type":"post","link":"https:\/\/www.honda.es\/hondadreams\/2016\/07\/15\/los-suv-a-la-conquista-del-mercado-mundial-con-el-cr-v-y-el-hr-v-a-la-cabeza\/","title":{"rendered":"Los SUV, a la conquista del mercado mundial, con el CR-V y el HR-V a la cabeza"},"content":{"rendered":"<p style=\"text-align: justify;\">\u00bfHacia d\u00f3nde va el mercado automovil\u00edstico mundial? El informe sobre ventas mundiales de coches en el primer trimestre del a\u00f1o publicado por la prestigiosa firma Jato nos da algunas pistas. En su estudio, la consultora especializada advierte sobre un \u201ccambio en los gustos de los consumidores en todo el mundo, que est\u00e1 teniendo un impacto fuerte en las marcas tradicionales\u201d.<\/p>\n<p style=\"text-align: justify;\">La tendencia m\u00e1s destacada es el ascenso de los todocaminos urbanos o SUV (por las siglas en ingl\u00e9s), un sector que a nivel mundial est\u00e1 liderado por Honda. El Honda CR-V, que figura en el Top 10 de cualquier tipo de coche, es el SUV m\u00e1s vendido del mundo, y en sus primeros 12 meses de comercializaci\u00f3n el HR-V ya se ha posicionado como el SUV compacto m\u00e1s vendido del mundo.<\/p>\n<div id=\"attachment_5949\" style=\"width: 610px\" class=\"wp-caption aligncenter\"><img loading=\"lazy\" decoding=\"async\" aria-describedby=\"caption-attachment-5949\" class=\"size-medium wp-image-5949\" src=\"https:\/\/www.honda.es\/hondadreams\/wp-content\/uploads\/Honda-HR-V-600x396.jpg\" alt=\"Honda HR-V\" width=\"600\" height=\"396\" \/><p id=\"caption-attachment-5949\" class=\"wp-caption-text\">Honda HR-V<\/p><\/div>\n<p style=\"text-align: justify;\">Los datos de este a\u00f1o recogen una coincidencia que para muchos indica cu\u00e1les ser\u00e1n los pr\u00f3ximos modelos superventas. \u201cLa sexta, s\u00e9ptima, octava, novena y d\u00e9cima posiciones est\u00e1n ocupadas por veh\u00edculos del segmento SUV\u201d, destacan desde la consultora internacional. \u201cEsta coincidencia no se daba en el primer trimestre de 2015, cuando s\u00f3lo el Honda CR-V consigui\u00f3 entrar entre los 10 m\u00e1s vendidos\u201d, se\u00f1alan.<\/p>\n<p style=\"text-align: justify;\">\u00bfSon los SUV\u2019s los herederos de los utilitarios compactos y subcompactos? Las cifras publicadas por Jato parecen apoyar la tesis de aquellos que sostienen que estos veh\u00edculos \u00a0est\u00e1n en camino de ocupar el espacio de los actuales superventas. Cada vez son m\u00e1s populares en diferentes regiones, seg\u00fan el informe: \u201cEl segmento ha registrado un ritmo de crecimiento de dos d\u00edgitos en siete de las ocho regiones mundiales analizadas para este informe\u201d, concretan desde Jato.<\/p>\n<p style=\"text-align: justify;\">No es, pues, descabellada la tesis a la que se abona la consultora Jato si tenemos en cuenta que las ventas de compactos y subcompactos, el segmento mayoritario por excelencia hasta hace unos tres a\u00f1os, han ca\u00eddo un 1 % y un 9% respectivamente. \u201cSi no fuera por las ventas del los segmentos SUV, las matriculaciones mundiales no crecer\u00edan\u201d, concluye el informe.<\/p>\n<p style=\"text-align: justify;\">Buenas noticias para Honda, que no tan solo innov\u00f3 mundialmente estrenando la categor\u00eda SUV con las primeras generaciones de CR-V y HR-V, sino que se consolida como la marca mundial l\u00edder en ventas en estos dos segmentos de presente y \u00a0futuro.<\/p>\n<div id=\"attachment_5948\" style=\"width: 610px\" class=\"wp-caption aligncenter\"><img loading=\"lazy\" decoding=\"async\" aria-describedby=\"caption-attachment-5948\" class=\"size-medium wp-image-5948\" src=\"https:\/\/www.honda.es\/hondadreams\/wp-content\/uploads\/Honda-CR-V-600x396.jpg\" alt=\"2015 Honda CR-V\" width=\"600\" height=\"396\" \/><p id=\"caption-attachment-5948\" class=\"wp-caption-text\">Honda CR-V<\/p><\/div>\n","protected":false},"excerpt":{"rendered":"<p>\u00bfHacia d\u00f3nde va el mercado automovil\u00edstico mundial? El informe sobre ventas mundiales de coches en&#8230;<\/p>\n","protected":false},"author":3,"featured_media":5950,"comment_status":"open","ping_status":"open","sticky":false,"template":"","format":"standard","meta":{"_acf_changed":false,"footnotes":""},"categories":[9],"class_list":["post-5947","post","type-post","status-publish","format-standard","has-post-thumbnail","hentry","category-mundo-honda"],"acf":[],"_links":{"self":[{"href":"https:\/\/www.honda.es\/hondadreams\/wp-json\/wp\/v2\/posts\/5947","targetHints":{"allow":["GET"]}}],"collection":[{"href":"https:\/\/www.honda.es\/hondadreams\/wp-json\/wp\/v2\/posts"}],"about":[{"href":"https:\/\/www.honda.es\/hondadreams\/wp-json\/wp\/v2\/types\/post"}],"author":[{"embeddable":true,"href":"https:\/\/www.honda.es\/hondadreams\/wp-json\/wp\/v2\/users\/3"}],"replies":[{"embeddable":true,"href":"https:\/\/www.honda.es\/hondadreams\/wp-json\/wp\/v2\/comments?post=5947"}],"version-history":[{"count":1,"href":"https:\/\/www.honda.es\/hondadreams\/wp-json\/wp\/v2\/posts\/5947\/revisions"}],"predecessor-version":[{"id":5951,"href":"https:\/\/www.honda.es\/hondadreams\/wp-json\/wp\/v2\/posts\/5947\/revisions\/5951"}],"wp:featuredmedia":[{"embeddable":true,"href":"https:\/\/www.honda.es\/hondadreams\/wp-json\/wp\/v2\/media\/5950"}],"wp:attachment":[{"href":"https:\/\/www.honda.es\/hondadreams\/wp-json\/wp\/v2\/media?parent=5947"}],"wp:term":[{"taxonomy":"category","embeddable":true,"href":"https:\/\/www.honda.es\/hondadreams\/wp-json\/wp\/v2\/categories?post=5947"}],"curies":[{"name":"wp","href":"https:\/\/api.w.org\/{rel}","templated":true}]}}